{"id":80502,"date":"2018-07-19T20:40:40","date_gmt":"2018-07-19T18:40:40","guid":{"rendered":"https:\/\/cyclingpro.net\/velopro\/?p=80502"},"modified":"2018-07-20T09:37:45","modified_gmt":"2018-07-20T07:37:45","slug":"tom-dumoulin-cetait-juste-fou","status":"publish","type":"post","link":"https:\/\/cyclingpro.net\/velopro\/course\/tour-de-france\/tom-dumoulin-cetait-juste-fou\/","title":{"rendered":"Tom Dumoulin : \u00ab\u00a0C&rsquo;\u00e9tait juste fou\u00a0\u00bb"},"content":{"rendered":"<p><em>Avec 6 abandons et 2 coureurs hors d\u00e9lai, cette troisi\u00e8me et derni\u00e8re \u00e9tape alpestre aura \u00e9t\u00e9 \u00e0 l&rsquo;\u00e9vidence terrible. Et pourtant \u00e0 l&rsquo;arriv\u00e9e les diff\u00e9rences sont minimes. Les Sky dominent la course en ce qui concerne le classement g\u00e9n\u00e9ral mais les diff\u00e9rences en montagne ont \u00e9t\u00e9 tr\u00e8s r\u00e9duites en ce qui concernent les coureurs qui occupent la t\u00eate du g\u00e9n\u00e9ral et notamment Tom Dumoulin (Sunweb). En deux jours et deux victoires, Geraint Thomas (Team Sky) n&rsquo;a pris que 22\u00a0\u00bb \u00e0 Dumoulin (auxquelles il faut rajouter 8\u00a0\u00bb de bonification). Le reste de son avantage de 1&rsquo;50 au classement g\u00e9n\u00e9ral (soit 1&rsquo;20 avant la montagne) a \u00e9t\u00e9 acquis en premi\u00e8re semaine avec le contre-la-montre par \u00e9quipes et l&rsquo;incident m\u00e9canique du N\u00e9erlandais dans le final de l&rsquo;\u00e9tape de M\u00fbr-de-Bretagne. Quant \u00e0 Chris Froome (Team Sky) pour sa part, il a m\u00eame perdu 2\u00a0\u00bb sur Dumoulin sur ces deux \u00e9tapes (auxquelles il faut ajouter 8\u00a0\u00bb de bonification). Dumoulin semble donc \u00eatre la plus grande menace pour le Team Sky.\u00a0<\/em><\/p>\n<p><strong>Tom, \u00eates-vous content de votre performance aujourd&rsquo;hui ?<\/strong><br \/>\nNon je ne suis pas content&#8230; Je voulais gagner aujourd&rsquo;hui. Je m&rsquo;\u00e9tais laiss\u00e9 reculer et j&rsquo;ai fait une erreur de braquet quand Landa a attaqu\u00e9. C&rsquo;est mon erreur. C&rsquo;\u00e9tait d\u00e9j\u00e0 fini pour moi avant que le sprint ne soit lanc\u00e9. Je pense que j&rsquo;avais ma chance. (Geraint) Thomas \u00e9tait probablement plus fort mais j&rsquo;aurai pu avoir ma chance si je l&rsquo;avais jou\u00e9 intelligemment.<\/p>\n<p><strong>Comment \u00e7a s&rsquo;est pass\u00e9 lorsque vous \u00e9tiez quatre dans le final de l&rsquo;Alpe d&rsquo;Huez, une \u00e9tape de haute montagne qui allait se jouer au sprint ?<\/strong><br \/>\nPersonne ne voulait faire l&rsquo;effort. J&rsquo;ai pris un rythme un peu moins soutenu pour r\u00e9cup\u00e9rer un peu car je craignais que si Froome et Thomas m&rsquo;attaquent un \u00e0 un, il y ait un moment o\u00f9 j&rsquo;aurai d\u00fb en laisser partir un. J&rsquo;ai essay\u00e9 d&rsquo;\u00e9viter \u00e7a en partant \u00e0 l&rsquo;avant. \u00c7a a march\u00e9&#8230; mais je n&rsquo;ai pas r\u00e9ussi \u00e0 gagner l&rsquo;\u00e9tape.<\/p>\n<p><strong>Vous n&rsquo;aviez pas peur quand vous \u00eates partis et que vous aviez Thomas dans la roue ?<\/strong><br \/>\nJe n&rsquo;\u00e9tais pas \u00e0 ma limite \u00e0 ce moment l\u00e0, je savais que j&rsquo;en avais encore sous la p\u00e9dale. Il y avait aussi beaucoup de vent et Thomas pouvait tirer avantage d&rsquo;\u00eatre dans ma roue. C&rsquo;est dommage pour moi mais c&rsquo;est leur avantage d&rsquo;avoir deux coureurs en haut du classement g\u00e9n\u00e9ral.<\/p>\n<p><strong>Un mot sur l&rsquo;\u00e9tape qui a semble avoir \u00e9t\u00e9 extr\u00eamement difficile.<\/strong><br \/>\nC&rsquo;\u00e9tait fou ! Il y a eu d\u00e9j\u00e0 beaucoup de coureurs du classement g\u00e9n\u00e9ral qui ont attaqu\u00e9 dans la Madeleine, notamment Steven Kruijswijk. La poursuite \u00e9tait \u00e0 fond toute la journ\u00e9e. C&rsquo;\u00e9tait juste fou.<\/p>\n<p><strong>Qu&rsquo;avez-vous appris de la tactique de Sky ?<\/strong><br \/>\nIls essayent de conserver leurs deux cartes au classement g\u00e9n\u00e9ral et ils ne se roulent pas l&rsquo;un sur l&rsquo;autre. Je pense que Froome avait l&rsquo;opportunit\u00e9 d&rsquo;attaquer aujourd&rsquo;hui \u00e0 la diff\u00e9rence de G. (Geraint Thomas). C&rsquo;est bon \u00e0 savoir pour le futur.<\/p>\n<p><strong>Avez-vous d\u00e9celer une faiblesse chez eux ?<\/strong><br \/>\nTout d\u00e9pend des jambes&#8230; Ils ont une \u00e9quipe extr\u00eamement fort et ils peuvent faire toute la journ\u00e9e en t\u00eate et revenir sur tout le monde mais si Geraint ou Froome ont une mauvaise journ\u00e9e, il faudra en prendre avantage.<\/p>\n<p><strong>O\u00f9 vous vous situer maintenant que les Alpes sont termin\u00e9es ?<\/strong><br \/>\nTroisi\u00e8me&#8230; C&rsquo;est ma place pour le moment. Aujourd&rsquo;hui j&rsquo;\u00e9tais une tout petit peu plus fort que Froome mais Thomas demeure le plus fort.<\/p>\n<p><strong>Vos performances jusqu&rsquo;ici vous mettent en confiance ?<\/strong><br \/>\nOui !<\/p>\n","protected":false},"excerpt":{"rendered":"<p>Avec 6 abandons et 2 coureurs hors d\u00e9lai, cette troisi\u00e8me et derni\u00e8re \u00e9tape alpestre aura \u00e9t\u00e9 \u00e0 l&rsquo;\u00e9vidence terrible. Et pourtant \u00e0 l&rsquo;arriv\u00e9e les diff\u00e9rences sont minimes. Les Sky dominent la course en ce qui concerne le classement g\u00e9n\u00e9ral mais les diff\u00e9rences en montagne ont \u00e9t\u00e9 tr\u00e8s r\u00e9duites en ce qui concernent les coureurs qui &hellip;<\/p>\n","protected":false},"author":4,"featured_media":80536,"comment_status":"open","ping_status":"open","sticky":false,"template":"","format":"standard","meta":{"footnotes":""},"categories":[27,17,15,39],"tags":[],"class_list":["post-80502","post","type-post","status-publish","format-standard","has-post-thumbnail","hentry","category-gros-bloc","category-une","category-route","category-tour-de-france"],"_links":{"self":[{"href":"https:\/\/cyclingpro.net\/velopro\/wp-json\/wp\/v2\/posts\/80502","targetHints":{"allow":["GET"]}}],"collection":[{"href":"https:\/\/cyclingpro.net\/velopro\/wp-json\/wp\/v2\/posts"}],"about":[{"href":"https:\/\/cyclingpro.net\/velopro\/wp-json\/wp\/v2\/types\/post"}],"author":[{"embeddable":true,"href":"https:\/\/cyclingpro.net\/velopro\/wp-json\/wp\/v2\/users\/4"}],"replies":[{"embeddable":true,"href":"https:\/\/cyclingpro.net\/velopro\/wp-json\/wp\/v2\/comments?post=80502"}],"version-history":[{"count":0,"href":"https:\/\/cyclingpro.net\/velopro\/wp-json\/wp\/v2\/posts\/80502\/revisions"}],"wp:featuredmedia":[{"embeddable":true,"href":"https:\/\/cyclingpro.net\/velopro\/wp-json\/wp\/v2\/media\/80536"}],"wp:attachment":[{"href":"https:\/\/cyclingpro.net\/velopro\/wp-json\/wp\/v2\/media?parent=80502"}],"wp:term":[{"taxonomy":"category","embeddable":true,"href":"https:\/\/cyclingpro.net\/velopro\/wp-json\/wp\/v2\/categories?post=80502"},{"taxonomy":"post_tag","embeddable":true,"href":"https:\/\/cyclingpro.net\/velopro\/wp-json\/wp\/v2\/tags?post=80502"}],"curies":[{"name":"wp","href":"https:\/\/api.w.org\/{rel}","templated":true}]}}