{"id":791,"date":"2017-01-10T12:55:18","date_gmt":"2017-01-10T12:55:18","guid":{"rendered":"http:\/\/cyclingpro.net\/wptstms\/velopro\/?p=791"},"modified":"2017-01-10T12:55:18","modified_gmt":"2017-01-10T12:55:18","slug":"cyclo-cross-mondiaux-selectionnes-francais-deja-connus","status":"publish","type":"post","link":"https:\/\/cyclingpro.net\/velopro\/cyclocross\/cyclo-cross-mondiaux-selectionnes-francais-deja-connus\/","title":{"rendered":"Cyclo-cross &#8211; Mondiaux\u00a0: Les s\u00e9lectionn\u00e9s fran\u00e7ais d\u00e9j\u00e0 connus"},"content":{"rendered":"<p>L&rsquo;entra\u00eeneur national Julien Thollet n&rsquo;aura pas tard\u00e9 pour d\u00e9voiler la s\u00e9lection fran\u00e7aise pour les prochains championnats du monde de cyclo-cross qui auront lieu les 27 et 28 janvier \u00e0 Bieles au Luxembourg. Les choix faits sont plut\u00f4t logiques dans leur ensemble, selon les coureurs ayant cibl\u00e9 cet objectif et les r\u00e9sultats des r\u00e9cents championnats de France.<br \/>\n<strong>Les s\u00e9lectionn\u00e9s tricolores :\u00a0<\/strong><\/p>\n<p>\u00c9lite hommes :\u00a0Cl\u00e9ment Venturini (Cofidis), Francis Mourey (Fortuneo-Vital Concept), Steve Chainel (Cross Team by G4), Mathieu Boulo (Bretagne), Alois Falenta (Rh\u00f4ne-Alpes)<\/p>\n<p>Espoirs hommes :\u00a0Cl\u00e9ment Russo (EC Saint-\u00c9tienne Loire), Joshua et Lucas Dubau (Ile-de-France), Tony P\u00e9riou (Bretagne), Eddy Fin\u00e9 (Rh\u00f4ne-Alpes)<\/p>\n<p>Juniors hommes :\u00a0Maxime Bonsergent (Pays-de-la-Loire), Antoine Benoist (Bretagne), Nicolas Guillemin (Bretagne), J\u00e9r\u00e9my Montauban (Rh\u00f4ne-Alpes), Erwann Kerraud (Ile-de-France),<\/p>\n<p>\u00c9lites dames :\u00a0Caroline Mani (Franche-Comt\u00e9), Lucie Chainel (Cross Team by G4), Marl\u00e8ne Petit (Rh\u00f4ne-Alpes)<\/p>\n<p>Espoirs dames :\u00a0H\u00e9l\u00e8ne Clauzel (Alsace), \u00c9vita Music, Jade Wiel (Franche-Comt\u00e9), Ma\u00efna Galland (Bretagne)<\/p>\n","protected":false},"excerpt":{"rendered":"<p>L&rsquo;entra\u00eeneur national Julien Thollet n&rsquo;aura pas tard\u00e9 pour d\u00e9voiler la s\u00e9lection fran\u00e7aise pour les prochains championnats du monde de cyclo-cross qui auront lieu les 27 et 28 janvier \u00e0 Bieles au Luxembourg. Les choix faits sont plut\u00f4t logiques dans leur ensemble, selon les coureurs ayant cibl\u00e9 cet objectif et les r\u00e9sultats des r\u00e9cents championnats de &hellip;<\/p>\n","protected":false},"author":3,"featured_media":792,"comment_status":"open","ping_status":"open","sticky":false,"template":"","format":"standard","meta":{"footnotes":""},"categories":[5,1],"tags":[],"class_list":["post-791","post","type-post","status-publish","format-standard","has-post-thumbnail","hentry","category-cyclocross","category-uncategorized"],"_links":{"self":[{"href":"https:\/\/cyclingpro.net\/velopro\/wp-json\/wp\/v2\/posts\/791","targetHints":{"allow":["GET"]}}],"collection":[{"href":"https:\/\/cyclingpro.net\/velopro\/wp-json\/wp\/v2\/posts"}],"about":[{"href":"https:\/\/cyclingpro.net\/velopro\/wp-json\/wp\/v2\/types\/post"}],"author":[{"embeddable":true,"href":"https:\/\/cyclingpro.net\/velopro\/wp-json\/wp\/v2\/users\/3"}],"replies":[{"embeddable":true,"href":"https:\/\/cyclingpro.net\/velopro\/wp-json\/wp\/v2\/comments?post=791"}],"version-history":[{"count":0,"href":"https:\/\/cyclingpro.net\/velopro\/wp-json\/wp\/v2\/posts\/791\/revisions"}],"wp:featuredmedia":[{"embeddable":true,"href":"https:\/\/cyclingpro.net\/velopro\/wp-json\/"}],"wp:attachment":[{"href":"https:\/\/cyclingpro.net\/velopro\/wp-json\/wp\/v2\/media?parent=791"}],"wp:term":[{"taxonomy":"category","embeddable":true,"href":"https:\/\/cyclingpro.net\/velopro\/wp-json\/wp\/v2\/categories?post=791"},{"taxonomy":"post_tag","embeddable":true,"href":"https:\/\/cyclingpro.net\/velopro\/wp-json\/wp\/v2\/tags?post=791"}],"curies":[{"name":"wp","href":"https:\/\/api.w.org\/{rel}","templated":true}]}}