{"id":78899,"date":"2018-07-12T18:48:22","date_gmt":"2018-07-12T16:48:22","guid":{"rendered":"https:\/\/cyclingpro.net\/velopro\/?p=78899"},"modified":"2018-07-12T18:48:22","modified_gmt":"2018-07-12T16:48:22","slug":"julien-jurdie-de-la-frustration","status":"publish","type":"post","link":"https:\/\/cyclingpro.net\/velopro\/course\/tour-de-france\/julien-jurdie-de-la-frustration\/","title":{"rendered":"Julien Jurdie : \u00ab\u00a0De la frustration\u00a0\u00bb"},"content":{"rendered":"<p>Journ\u00e9e mitig\u00e9e AG2R-La Mondiale. Si d&rsquo;un c\u00f4t\u00e9 la formation fran\u00e7aise peut se satisfaire du tr\u00e8s beau r\u00e9sultat de Pierre Latour, 2e de l&rsquo;\u00e9tape derri\u00e8re Dan Martin, elle d\u00e9plore dans le m\u00eame temps la perte de temps de son leader unique Romain Bardet, qui termine \u00e0 pr\u00e8s de 30 secondes des leaders \u00e0 la suite d&rsquo;un changement de v\u00e9lo dans le final. Une situation qui ne plait pas du tout \u00e0 Julien Jurdie, directeur sportif de l&rsquo;\u00e9quipe.<\/p>\n<p>\u00ab\u00a0<em>Il \u00e9tait pr\u00e9vu que Pierre attaque aux 800 m\u00e8tres et au final il ne lui manque vraiment pas grand chose pour revenir sur Martin. Le probl\u00e8me m\u00e9canique de Romain est emb\u00eatant. Il est tr\u00e8s sensible au niveau de sa position, et ce changement de v\u00e9lo dans le final le dessert et c&rsquo;est notamment pour cela qu&rsquo;il d\u00e9croche du groupe maillot jaune. Alexis Vuillermoz s&rsquo;est laiss\u00e9 d\u00e9croch\u00e9 pour l&rsquo;aider, mais c&rsquo;\u00e9tait un peu tard \u00e0 ce moment l\u00e0. Il y a de la frustration \u00e0 l&rsquo;arriv\u00e9e<\/em>\u00ab\u00a0.<\/p>\n<p>Au g\u00e9n\u00e9ral, Romain Bardet se retrouve d\u00e9sormais 23e \u00e0 1&rsquo;45 de Greg Van Avermaet, mais \u00e0 seulement une minute du premier des favoris Rigoberto Uran.<\/p>\n","protected":false},"excerpt":{"rendered":"<p>Journ\u00e9e mitig\u00e9e AG2R-La Mondiale. Si d&rsquo;un c\u00f4t\u00e9 la formation fran\u00e7aise peut se satisfaire du tr\u00e8s beau r\u00e9sultat de Pierre Latour, 2e de l&rsquo;\u00e9tape derri\u00e8re Dan Martin, elle d\u00e9plore dans le m\u00eame temps la perte de temps de son leader unique Romain Bardet, qui termine \u00e0 pr\u00e8s de 30 secondes des leaders \u00e0 la suite d&rsquo;un &hellip;<\/p>\n","protected":false},"author":11,"featured_media":0,"comment_status":"open","ping_status":"open","sticky":false,"template":"","format":"standard","meta":{"footnotes":""},"categories":[11,8,15,39,19],"tags":[],"class_list":["post-78899","post","type-post","status-publish","format-standard","hentry","category-news-niveau-2","category-interviews","category-route","category-tour-de-france","category-worldtour"],"_links":{"self":[{"href":"https:\/\/cyclingpro.net\/velopro\/wp-json\/wp\/v2\/posts\/78899","targetHints":{"allow":["GET"]}}],"collection":[{"href":"https:\/\/cyclingpro.net\/velopro\/wp-json\/wp\/v2\/posts"}],"about":[{"href":"https:\/\/cyclingpro.net\/velopro\/wp-json\/wp\/v2\/types\/post"}],"author":[{"embeddable":true,"href":"https:\/\/cyclingpro.net\/velopro\/wp-json\/wp\/v2\/users\/11"}],"replies":[{"embeddable":true,"href":"https:\/\/cyclingpro.net\/velopro\/wp-json\/wp\/v2\/comments?post=78899"}],"version-history":[{"count":0,"href":"https:\/\/cyclingpro.net\/velopro\/wp-json\/wp\/v2\/posts\/78899\/revisions"}],"wp:attachment":[{"href":"https:\/\/cyclingpro.net\/velopro\/wp-json\/wp\/v2\/media?parent=78899"}],"wp:term":[{"taxonomy":"category","embeddable":true,"href":"https:\/\/cyclingpro.net\/velopro\/wp-json\/wp\/v2\/categories?post=78899"},{"taxonomy":"post_tag","embeddable":true,"href":"https:\/\/cyclingpro.net\/velopro\/wp-json\/wp\/v2\/tags?post=78899"}],"curies":[{"name":"wp","href":"https:\/\/api.w.org\/{rel}","templated":true}]}}