{"id":788,"date":"2017-01-10T12:44:47","date_gmt":"2017-01-10T12:44:47","guid":{"rendered":"http:\/\/cyclingpro.net\/wptstms\/velopro\/?p=788"},"modified":"2017-01-10T12:44:47","modified_gmt":"2017-01-10T12:44:47","slug":"cyclo-cross-classement-mondial-statu-quo-chez-leaders","status":"publish","type":"post","link":"https:\/\/cyclingpro.net\/velopro\/cyclocross\/cyclo-cross-classement-mondial-statu-quo-chez-leaders\/","title":{"rendered":"Cyclo-cross \u2013 classement mondial\u00a0: Statu quo chez les leaders"},"content":{"rendered":"<p>La belle r\u00e9gularit\u00e9 de Wout Van Aert (Crelan-Charles) lui permet de conserver assez ais\u00e9ment sa place en t\u00eate du classement mondial de cyclo-cross. Cette semaine, presque rien n&rsquo;a chang\u00e9 dans le top si ce n&rsquo;est la place de gagn\u00e9e par Michael Vanthourenhout et Marcel Meisen. Du coup, Mathieu van der Poel (Beobank-Corendon) reste deuxi\u00e8me avec un bon matelas sur Kevin Pauwels (Marlux-Napoleon Games). Le premier Fran\u00e7ais Cl\u00e9ment Venturini (Cofidis) reste dixi\u00e8me.<br \/>\nPar nations, la France est repass\u00e9e devant les Etats-Unis mais elle est cette-fois-ci devanc\u00e9e par l&rsquo;Allemagne pour la troisi\u00e8me place. La Belgique est toujours largement en t\u00eate devant les Pays-Bas.<\/p>\n<p>&nbsp;<\/p>\n<p><strong>Classement individuel :\u00a0<\/strong><\/p>\n<p>1 Wout VAN AERT 2710 points<br \/>\n2 Mathieu VAN DER POEL *** 2122<br \/>\n3 Kevin PAUWELS 1824<br \/>\n4 Laurens SWEECK 1604<br \/>\n5 Tom MEEUSEN 1410<br \/>\n6 Michael VANTHOURENHOUT 1263<br \/>\n7 Toon AERTS 1239<br \/>\n8 Marcel MEISEN 1117<br \/>\n9 Corne VAN KESSEL 1064<br \/>\n10 Clement VENTURINI 1027<br \/>\n11 Stephen HYDE 1008<br \/>\n12 Quinten HERMANS *** 989<br \/>\n13 Lars VAN DER HAAR 982<br \/>\n14 David VAN DER POEL 807<br \/>\n15 Eli ISERBYT *** 773<br \/>\n16 Tim MERLIER 713<br \/>\n17 Joris NIEUWENHUIS *** 687<br \/>\n18 Michael BORO\u0160 676<br \/>\n19 Gianni VERMEERSCH 671<br \/>\n20 Jim AERNOUTS 654<\/p>\n<p>&nbsp;<\/p>\n<p><strong>Classement par nations :\u00a0<\/strong><\/p>\n<p>1 BELGIQUE 6138 points<br \/>\n2 PAYS-BAS 4168<br \/>\n3 ALLEMAGNE 2154<br \/>\n4 FRANCE 2127<br \/>\n5 \u00c9TATS-UNIS D&rsquo;AM\u00c9RIQUE 2076<br \/>\n6 SUISSE 1445<br \/>\n7 R\u00c9PUBLIQUE TCH\u00c8QUE 1438<br \/>\n8 ESPAGNE 1214<br \/>\n9 ITALIE 894<br \/>\n10 GRANDE-BRETAGNE 766<br \/>\n11 CANADA 732<br \/>\n12 SLOVAQUIE 530<br \/>\n13 JAPON 494<br \/>\n14 AUSTRALIE 450<br \/>\n15 DANEMARK 394<br \/>\n16 POLOGNE \u00a0389<br \/>\n17 SU\u00c8DE 328<br \/>\n18 LUXEMBOURG 256<br \/>\n19 ISLANDE 235<br \/>\n20 PORTUGAL 220<\/p>\n","protected":false},"excerpt":{"rendered":"<p>La belle r\u00e9gularit\u00e9 de Wout Van Aert (Crelan-Charles) lui permet de conserver assez ais\u00e9ment sa place en t\u00eate du classement mondial de cyclo-cross. Cette semaine, presque rien n&rsquo;a chang\u00e9 dans le top si ce n&rsquo;est la place de gagn\u00e9e par Michael Vanthourenhout et Marcel Meisen. Du coup, Mathieu van der Poel (Beobank-Corendon) reste deuxi\u00e8me avec &hellip;<\/p>\n","protected":false},"author":3,"featured_media":789,"comment_status":"open","ping_status":"open","sticky":false,"template":"","format":"standard","meta":{"footnotes":""},"categories":[5,1],"tags":[],"class_list":["post-788","post","type-post","status-publish","format-standard","has-post-thumbnail","hentry","category-cyclocross","category-uncategorized"],"_links":{"self":[{"href":"https:\/\/cyclingpro.net\/velopro\/wp-json\/wp\/v2\/posts\/788","targetHints":{"allow":["GET"]}}],"collection":[{"href":"https:\/\/cyclingpro.net\/velopro\/wp-json\/wp\/v2\/posts"}],"about":[{"href":"https:\/\/cyclingpro.net\/velopro\/wp-json\/wp\/v2\/types\/post"}],"author":[{"embeddable":true,"href":"https:\/\/cyclingpro.net\/velopro\/wp-json\/wp\/v2\/users\/3"}],"replies":[{"embeddable":true,"href":"https:\/\/cyclingpro.net\/velopro\/wp-json\/wp\/v2\/comments?post=788"}],"version-history":[{"count":0,"href":"https:\/\/cyclingpro.net\/velopro\/wp-json\/wp\/v2\/posts\/788\/revisions"}],"wp:featuredmedia":[{"embeddable":true,"href":"https:\/\/cyclingpro.net\/velopro\/wp-json\/"}],"wp:attachment":[{"href":"https:\/\/cyclingpro.net\/velopro\/wp-json\/wp\/v2\/media?parent=788"}],"wp:term":[{"taxonomy":"category","embeddable":true,"href":"https:\/\/cyclingpro.net\/velopro\/wp-json\/wp\/v2\/categories?post=788"},{"taxonomy":"post_tag","embeddable":true,"href":"https:\/\/cyclingpro.net\/velopro\/wp-json\/wp\/v2\/tags?post=788"}],"curies":[{"name":"wp","href":"https:\/\/api.w.org\/{rel}","templated":true}]}}