{"id":78233,"date":"2018-07-10T16:09:17","date_gmt":"2018-07-10T14:09:17","guid":{"rendered":"https:\/\/cyclingpro.net\/velopro\/?p=78233"},"modified":"2018-07-10T16:09:17","modified_gmt":"2018-07-10T14:09:17","slug":"tour-de-catalogne-2019-valls-ville-etape-pour-la-sixieme-annee-consecutive","status":"publish","type":"post","link":"https:\/\/cyclingpro.net\/velopro\/course\/volta-a-catalunya\/tour-de-catalogne-2019-valls-ville-etape-pour-la-sixieme-annee-consecutive\/","title":{"rendered":"Tour de Catalogne 2019 : Valls ville-\u00e9tape pour la sixi\u00e8me ann\u00e9e cons\u00e9cutive"},"content":{"rendered":"<p>Les organisateurs du Tour de Catalogne avaient d\u00e9j\u00e0 d\u00e9voil\u00e9 une premi\u00e8re salve d&rsquo;informations concernant l&rsquo;\u00e9dition 2019 la semaine derni\u00e8re. Quelques pr\u00e9cisions viennent d&rsquo;\u00eatre apport\u00e9es.<br \/>\nLa ville de Valls sera de nouveau pr\u00e9sente sur le parcours de l&rsquo;\u00e9preuve printani\u00e8re, et ce pour la sixi\u00e8me ann\u00e9e cons\u00e9cutive. Le dernier d\u00e9part de la ville avait permis \u00e0 Alejandro Valverde de lever une fois de plus les bras, \u00e0 l&rsquo;occasion de la deuxi\u00e8me \u00e9tape. L&rsquo;an prochain, c&rsquo;est une arriv\u00e9e qui y sera jug\u00e9e, comme en 2017 ou Valverde avait aussi remport\u00e9 la victoire. La ville de naissance de Xavier Tondo a accueillie 24 \u00e9tapes du Tour de Catalogne au fil de son histoire. Valls a toujours eu une relation tr\u00e8s sp\u00e9ciale avec l&rsquo;\u00e9preuve cycliste, Mariano Ca\u00f1ardo y a remport\u00e9 quatre \u00e9tapes dans les ann\u00e9es 1930. Hormis Valverde, Wout Poels (Sky) ou Simon Gerrans (BMC) ont eux aussi lev\u00e9 les bras \u00e0 Valls ces derni\u00e8res ann\u00e9es, en 2016 pour le n\u00e9erlandais et 2013 pour l&rsquo;australien.<br \/>\nLe directeur de course\u00a0Rub\u00e8n Peris explique :\u00a0<em><span lang=\"fr\">\u00ab\u00a0La Volta est un \u00e9v\u00e9nement unique et engageant. La preuve en est l&rsquo;engagement ferme des municipalit\u00e9s telles que Valls \u00e0 se joindre \u00e0 la course ann\u00e9e apr\u00e8s ann\u00e9e. Nous sommes tr\u00e8s satisfaits et reconnaissants de quitter Valls \u00e0 nouveau et d&rsquo;offrir un spectacle formidable\u00a0\u00bb.\u00a0<\/span><\/em><span lang=\"fr\">Le Tour de Catalogne 2019 s&rsquo;inscrit dans le calendrier UCI World Tour du 25 au 31 mars.<\/span><\/p>\n","protected":false},"excerpt":{"rendered":"<p>Les organisateurs du Tour de Catalogne avaient d\u00e9j\u00e0 d\u00e9voil\u00e9 une premi\u00e8re salve d&rsquo;informations concernant l&rsquo;\u00e9dition 2019 la semaine derni\u00e8re. Quelques pr\u00e9cisions viennent d&rsquo;\u00eatre apport\u00e9es. La ville de Valls sera de nouveau pr\u00e9sente sur le parcours de l&rsquo;\u00e9preuve printani\u00e8re, et ce pour la sixi\u00e8me ann\u00e9e cons\u00e9cutive. Le dernier d\u00e9part de la ville avait permis \u00e0 Alejandro &hellip;<\/p>\n","protected":false},"author":12,"featured_media":9229,"comment_status":"open","ping_status":"open","sticky":false,"template":"","format":"standard","meta":{"footnotes":""},"categories":[11,25,15,79,19,28],"tags":[],"class_list":["post-78233","post","type-post","status-publish","format-standard","has-post-thumbnail","hentry","category-news-niveau-2","category-news","category-route","category-volta-a-catalunya","category-worldtour","category-course"],"_links":{"self":[{"href":"https:\/\/cyclingpro.net\/velopro\/wp-json\/wp\/v2\/posts\/78233","targetHints":{"allow":["GET"]}}],"collection":[{"href":"https:\/\/cyclingpro.net\/velopro\/wp-json\/wp\/v2\/posts"}],"about":[{"href":"https:\/\/cyclingpro.net\/velopro\/wp-json\/wp\/v2\/types\/post"}],"author":[{"embeddable":true,"href":"https:\/\/cyclingpro.net\/velopro\/wp-json\/wp\/v2\/users\/12"}],"replies":[{"embeddable":true,"href":"https:\/\/cyclingpro.net\/velopro\/wp-json\/wp\/v2\/comments?post=78233"}],"version-history":[{"count":0,"href":"https:\/\/cyclingpro.net\/velopro\/wp-json\/wp\/v2\/posts\/78233\/revisions"}],"wp:featuredmedia":[{"embeddable":true,"href":"https:\/\/cyclingpro.net\/velopro\/wp-json\/wp\/v2\/media\/9229"}],"wp:attachment":[{"href":"https:\/\/cyclingpro.net\/velopro\/wp-json\/wp\/v2\/media?parent=78233"}],"wp:term":[{"taxonomy":"category","embeddable":true,"href":"https:\/\/cyclingpro.net\/velopro\/wp-json\/wp\/v2\/categories?post=78233"},{"taxonomy":"post_tag","embeddable":true,"href":"https:\/\/cyclingpro.net\/velopro\/wp-json\/wp\/v2\/tags?post=78233"}],"curies":[{"name":"wp","href":"https:\/\/api.w.org\/{rel}","templated":true}]}}