{"id":78010,"date":"2018-07-09T11:36:30","date_gmt":"2018-07-09T09:36:30","guid":{"rendered":"https:\/\/cyclingpro.net\/velopro\/?p=78010"},"modified":"2018-07-09T12:13:06","modified_gmt":"2018-07-09T10:13:06","slug":"ciccone-et-ivan-sosa-bientot-chez-trek","status":"publish","type":"post","link":"https:\/\/cyclingpro.net\/velopro\/mercato\/ciccone-et-ivan-sosa-bientot-chez-trek\/","title":{"rendered":"Ciccone et Ivan Sosa bient\u00f4t chez Trek"},"content":{"rendered":"<p>Trek-Segafredo est d\u00e9cid\u00e9ment tr\u00e8s active sur le march\u00e9 des transfert. Apr\u00e8s Richie Porte (BMC), la formation am\u00e9ricaine serait visiblement sur le point d&rsquo;obtenir la signature de Giulio Ciccone (Bardiani-CSF) et de l&rsquo;\u00e9ni\u00e8me p\u00e9pite colombienne Ivan Sosa (Androni-Sidermec). Disposant d&rsquo;un large budget apr\u00e8s la retraite d&rsquo;Alberto Contador, l&rsquo;\u00e9quipe de Luca\u00a0Guercilena tente d\u00e9sormais d&rsquo;attirer un leader de premier plan capable de jouer les premiers r\u00f4les sur le Tour de France, tout en pr\u00e9parant l&rsquo;avenir de l&rsquo;\u00e9quipe sur le long terme. C&rsquo;est dans cette derni\u00e8re perspective qu&rsquo;interviendraient les signatures de Ciccone et Sosa. Les deux jeunes coureurs, \u00e2g\u00e9s respectivement de 23 ans et 20 ans, font partie des grimpeurs les plus prometteurs du circuit et peuvent d\u00e9j\u00e0 se targuer d&rsquo;obtenir des r\u00e9sultats au plus haut niveau.<\/p>\n<p>Vainqueur \u00e0 Sestola sur le Giro 2016 et encore excellent sur l&rsquo;\u00e9dition 2018, Giulio Ciccone s&rsquo;inscrirait dans la tradition italienne de l&rsquo;\u00e9quipe Trek, qui avait d\u00e9j\u00e0 tent\u00e9 de d&rsquo;engager Vincenzo Nibali et Fabio Aru les ann\u00e9es pr\u00e9c\u00e9dentes. Quand \u00e0 Ivan Sosa, vainqueur cette ann\u00e9e du Tour de Bihor, de l&rsquo;Adriatica Ionica Race (devant Ciccone), plus r\u00e9cemment du Sibiu Tour, et porteur du maillot de leader sur les Tour des Alpes, il s&rsquo;annonce d\u00e9j\u00e0 comme l&rsquo;un des chef de file de la nouvelle g\u00e9n\u00e9ration de grimpeurs colombiens.<\/p>\n","protected":false},"excerpt":{"rendered":"<p>Trek-Segafredo est d\u00e9cid\u00e9ment tr\u00e8s active sur le march\u00e9 des transfert. Apr\u00e8s Richie Porte (BMC), la formation am\u00e9ricaine serait visiblement sur le point d&rsquo;obtenir la signature de Giulio Ciccone (Bardiani-CSF) et de l&rsquo;\u00e9ni\u00e8me p\u00e9pite colombienne Ivan Sosa (Androni-Sidermec). Disposant d&rsquo;un large budget apr\u00e8s la retraite d&rsquo;Alberto Contador, l&rsquo;\u00e9quipe de Luca\u00a0Guercilena tente d\u00e9sormais d&rsquo;attirer un leader de &hellip;<\/p>\n","protected":false},"author":11,"featured_media":78011,"comment_status":"open","ping_status":"open","sticky":false,"template":"","format":"standard","meta":{"footnotes":""},"categories":[11,10],"tags":[],"class_list":["post-78010","post","type-post","status-publish","format-standard","has-post-thumbnail","hentry","category-news-niveau-2","category-mercato"],"_links":{"self":[{"href":"https:\/\/cyclingpro.net\/velopro\/wp-json\/wp\/v2\/posts\/78010","targetHints":{"allow":["GET"]}}],"collection":[{"href":"https:\/\/cyclingpro.net\/velopro\/wp-json\/wp\/v2\/posts"}],"about":[{"href":"https:\/\/cyclingpro.net\/velopro\/wp-json\/wp\/v2\/types\/post"}],"author":[{"embeddable":true,"href":"https:\/\/cyclingpro.net\/velopro\/wp-json\/wp\/v2\/users\/11"}],"replies":[{"embeddable":true,"href":"https:\/\/cyclingpro.net\/velopro\/wp-json\/wp\/v2\/comments?post=78010"}],"version-history":[{"count":0,"href":"https:\/\/cyclingpro.net\/velopro\/wp-json\/wp\/v2\/posts\/78010\/revisions"}],"wp:featuredmedia":[{"embeddable":true,"href":"https:\/\/cyclingpro.net\/velopro\/wp-json\/wp\/v2\/media\/78011"}],"wp:attachment":[{"href":"https:\/\/cyclingpro.net\/velopro\/wp-json\/wp\/v2\/media?parent=78010"}],"wp:term":[{"taxonomy":"category","embeddable":true,"href":"https:\/\/cyclingpro.net\/velopro\/wp-json\/wp\/v2\/categories?post=78010"},{"taxonomy":"post_tag","embeddable":true,"href":"https:\/\/cyclingpro.net\/velopro\/wp-json\/wp\/v2\/tags?post=78010"}],"curies":[{"name":"wp","href":"https:\/\/api.w.org\/{rel}","templated":true}]}}