{"id":76921,"date":"2018-07-01T12:37:46","date_gmt":"2018-07-01T10:37:46","guid":{"rendered":"https:\/\/cyclingpro.net\/velopro\/?p=76921"},"modified":"2018-07-01T12:42:30","modified_gmt":"2018-07-01T10:42:30","slug":"victime-dune-chute-wilco-kelderman-a-ete-conduit-a-lhopital","status":"publish","type":"post","link":"https:\/\/cyclingpro.net\/velopro\/infirmerie\/victime-dune-chute-wilco-kelderman-a-ete-conduit-a-lhopital\/","title":{"rendered":"Victime d&rsquo;une chute, Wilco Kelderman a \u00e9t\u00e9 conduit \u00e0 l&rsquo;h\u00f4pital"},"content":{"rendered":"<p style=\"text-align: justify;\">La Sunweb vient d&rsquo;annoncer sur son compte Twitter que son coureur avait \u00e9t\u00e9 transport\u00e9 \u00e0 l&rsquo;h\u00f4pital pour passer des examens. Wilco Kelderman a \u00e9t\u00e9 victime d&rsquo;une chute en fin de matin\u00e9e alors qu&rsquo;il participait \u00e0 l&rsquo;\u00e9preuve en ligne du Championnat des Pays-Bas. Du r\u00e9sultat des examens d\u00e9pendra sa participation au Tour de France, qui d\u00e9bute samedi. Le coureur de 27 ans s&rsquo;est relev\u00e9 seul, mais avait le coude droit en sang et le maillot d\u00e9chir\u00e9 dans le dos et sur le c\u00f4t\u00e9 droit.<\/p>\n<p>L&rsquo;\u00e9quipe allemande communiquera de nouvelles informations d\u00e8s que possible.<\/p>\n<blockquote class=\"twitter-tweet\" data-lang=\"fr\">\n<p dir=\"ltr\" lang=\"nl\">Volgens rondearts NK heeft Wilco Kelderman vooral schaafwonden. Via <a href=\"https:\/\/twitter.com\/giolippens?ref_src=twsrc%5Etfw\">@giolippens<\/a> <a href=\"https:\/\/t.co\/SPHnsogrL4\">pic.twitter.com\/SPHnsogrL4<\/a><\/p>\n<p>\u2014 Raymond Kerckhoffs (@raykerckhoffs) <a href=\"https:\/\/twitter.com\/raykerckhoffs\/status\/1013368826132606978?ref_src=twsrc%5Etfw\">1 juillet 2018<\/a><\/p><\/blockquote>\n<p><script async src=\"https:\/\/platform.twitter.com\/widgets.js\" charset=\"utf-8\"><\/script><\/p>\n<blockquote class=\"twitter-tweet\" data-lang=\"fr\">\n<p dir=\"ltr\" lang=\"en\"><a href=\"https:\/\/twitter.com\/hashtag\/NK2018?src=hash&amp;ref_src=twsrc%5Etfw\">#NK2018<\/a> <a href=\"https:\/\/twitter.com\/W1lcokelderman?ref_src=twsrc%5Etfw\">@W1lcokelderman<\/a> has been involved in crash and taken to hospital for check up. More info as soon as we have it.<\/p>\n<p>\u2014 Team Sunweb (@TeamSunweb) <a href=\"https:\/\/twitter.com\/TeamSunweb\/status\/1013366095766523904?ref_src=twsrc%5Etfw\">1 juillet 2018<\/a><\/p><\/blockquote>\n<p><script async src=\"https:\/\/platform.twitter.com\/widgets.js\" charset=\"utf-8\"><\/script><\/p>\n","protected":false},"excerpt":{"rendered":"<p>La Sunweb vient d&rsquo;annoncer sur son compte Twitter que son coureur avait \u00e9t\u00e9 transport\u00e9 \u00e0 l&rsquo;h\u00f4pital pour passer des examens. Wilco Kelderman a \u00e9t\u00e9 victime d&rsquo;une chute en fin de matin\u00e9e alors qu&rsquo;il participait \u00e0 l&rsquo;\u00e9preuve en ligne du Championnat des Pays-Bas. Du r\u00e9sultat des examens d\u00e9pendra sa participation au Tour de France, qui d\u00e9bute &hellip;<\/p>\n","protected":false},"author":15,"featured_media":74700,"comment_status":"open","ping_status":"open","sticky":false,"template":"","format":"standard","meta":{"footnotes":""},"categories":[11,41,25,15],"tags":[],"class_list":["post-76921","post","type-post","status-publish","format-standard","has-post-thumbnail","hentry","category-news-niveau-2","category-infirmerie","category-news","category-route"],"_links":{"self":[{"href":"https:\/\/cyclingpro.net\/velopro\/wp-json\/wp\/v2\/posts\/76921","targetHints":{"allow":["GET"]}}],"collection":[{"href":"https:\/\/cyclingpro.net\/velopro\/wp-json\/wp\/v2\/posts"}],"about":[{"href":"https:\/\/cyclingpro.net\/velopro\/wp-json\/wp\/v2\/types\/post"}],"author":[{"embeddable":true,"href":"https:\/\/cyclingpro.net\/velopro\/wp-json\/wp\/v2\/users\/15"}],"replies":[{"embeddable":true,"href":"https:\/\/cyclingpro.net\/velopro\/wp-json\/wp\/v2\/comments?post=76921"}],"version-history":[{"count":0,"href":"https:\/\/cyclingpro.net\/velopro\/wp-json\/wp\/v2\/posts\/76921\/revisions"}],"wp:featuredmedia":[{"embeddable":true,"href":"https:\/\/cyclingpro.net\/velopro\/wp-json\/wp\/v2\/media\/74700"}],"wp:attachment":[{"href":"https:\/\/cyclingpro.net\/velopro\/wp-json\/wp\/v2\/media?parent=76921"}],"wp:term":[{"taxonomy":"category","embeddable":true,"href":"https:\/\/cyclingpro.net\/velopro\/wp-json\/wp\/v2\/categories?post=76921"},{"taxonomy":"post_tag","embeddable":true,"href":"https:\/\/cyclingpro.net\/velopro\/wp-json\/wp\/v2\/tags?post=76921"}],"curies":[{"name":"wp","href":"https:\/\/api.w.org\/{rel}","templated":true}]}}