{"id":76861,"date":"2018-06-30T10:47:29","date_gmt":"2018-06-30T08:47:29","guid":{"rendered":"https:\/\/cyclingpro.net\/velopro\/?p=76861"},"modified":"2018-06-30T10:49:10","modified_gmt":"2018-06-30T08:49:10","slug":"le-tour-de-norvege-et-le-tour-des-fjords-fusionnent","status":"publish","type":"post","link":"https:\/\/cyclingpro.net\/velopro\/course\/tour-of-norway\/le-tour-de-norvege-et-le-tour-des-fjords-fusionnent\/","title":{"rendered":"Le Tour de Norv\u00e8ge et le Tour des Fjords fusionnent"},"content":{"rendered":"<p style=\"text-align: justify;\">Le Tour de Norv\u00e8ge et le Tour des Fjords ne feront plus qu&rsquo;un la saison prochaine. Les deux entit\u00e9s ont conclu un accord, r\u00e9v\u00e9l\u00e9 vendredi, visant \u00e0 fusionner les deux \u00e9preuves et cr\u00e9er une course de plus grande envergure encore. Le but n&rsquo;est donc plus d&rsquo;\u00eatre en concurrence, mais de s&rsquo;unir pour le bien du cyclisme norv\u00e9gien. Le produit imagin\u00e9 est une course par \u00e9tapes de six jours, dont l&rsquo;appellation reste \u00e0 d\u00e9finir, et qui se tiendra selon toute vraisemblance du 28 mai au 2 juin 2019. Aussi, l&rsquo;\u00e9v\u00e8nement se compl\u00e8tera \u00e0 la manche des Hammer Series de Stravanger (24-26 mai), et plusieurs \u00e9quipes WorldTour devraient ainsi prolonger leur passage en Norv\u00e8ge avec la toute nouvelle \u00e9preuve.<\/p>\n<p style=\"text-align: justify;\"><em>\u00ab\u00a0C&rsquo;est \u00e0 la fois excitant et tr\u00e8s pragmatique de construire ensemble une grande course en Norv\u00e8ge<\/em>, a d\u00e9clar\u00e9 Birger Hungerholdt, PDG d&rsquo;Interspons AS, soci\u00e9t\u00e9 organisatrice du Tour de Norv\u00e8ge. <em>C&rsquo;est une nouvelle organisation de poids qui sera importante pour le d\u00e9veloppement du cyclisme norv\u00e9gien dans les ann\u00e9es \u00e0 venir\u00a0\u00bb.\u00a0\u00ab\u00a0Nous avons un pays fantastique pour organiser des courses de v\u00e9lo. En rassemblant nos ressources et nos expertises autour d&rsquo;un grand projet commun, je suis convaincu que nous pouvons ensemble construire quelque chose d&rsquo;encore plus grand,<\/em>\u00a0a ajout\u00e9 le directeur du Tour des Fjords,Roy Hegreberg. <em>Nous avons fait des Tours dans l&rsquo;ouest et plus r\u00e9cemment dans le sud de la Norv\u00e8ge, tandis que le Tour de Norv\u00e8ge s&rsquo;est concentr\u00e9 sur le centre-est du pays. Nous avons maintenant l&rsquo;opportunit\u00e9 d&rsquo;\u00e9tendre notre \u00e9preuve puisqu&rsquo;elle durera six jours.\u00a0\u00bb<\/em><\/p>\n<p style=\"text-align: justify;\">Cette saison, Eduard Prades (Euskadi-Murias) a remport\u00e9 le Tour de Norv\u00e8ge tandis que c&rsquo;est Michael Albasini (Mitchelton-Scott) qui a gagn\u00e9 le Tour des Fjords.<\/p>\n","protected":false},"excerpt":{"rendered":"<p>Le Tour de Norv\u00e8ge et le Tour des Fjords ne feront plus qu&rsquo;un la saison prochaine. Les deux entit\u00e9s ont conclu un accord, r\u00e9v\u00e9l\u00e9 vendredi, visant \u00e0 fusionner les deux \u00e9preuves et cr\u00e9er une course de plus grande envergure encore. Le but n&rsquo;est donc plus d&rsquo;\u00eatre en concurrence, mais de s&rsquo;unir pour le bien du &hellip;<\/p>\n","protected":false},"author":5,"featured_media":76863,"comment_status":"open","ping_status":"open","sticky":false,"template":"","format":"standard","meta":{"footnotes":""},"categories":[17,15,107,120],"tags":[],"class_list":["post-76861","post","type-post","status-publish","format-standard","has-post-thumbnail","hentry","category-une","category-route","category-tour-of-norway","category-tour-des-fjords"],"_links":{"self":[{"href":"https:\/\/cyclingpro.net\/velopro\/wp-json\/wp\/v2\/posts\/76861","targetHints":{"allow":["GET"]}}],"collection":[{"href":"https:\/\/cyclingpro.net\/velopro\/wp-json\/wp\/v2\/posts"}],"about":[{"href":"https:\/\/cyclingpro.net\/velopro\/wp-json\/wp\/v2\/types\/post"}],"author":[{"embeddable":true,"href":"https:\/\/cyclingpro.net\/velopro\/wp-json\/wp\/v2\/users\/5"}],"replies":[{"embeddable":true,"href":"https:\/\/cyclingpro.net\/velopro\/wp-json\/wp\/v2\/comments?post=76861"}],"version-history":[{"count":0,"href":"https:\/\/cyclingpro.net\/velopro\/wp-json\/wp\/v2\/posts\/76861\/revisions"}],"wp:featuredmedia":[{"embeddable":true,"href":"https:\/\/cyclingpro.net\/velopro\/wp-json\/wp\/v2\/media\/76863"}],"wp:attachment":[{"href":"https:\/\/cyclingpro.net\/velopro\/wp-json\/wp\/v2\/media?parent=76861"}],"wp:term":[{"taxonomy":"category","embeddable":true,"href":"https:\/\/cyclingpro.net\/velopro\/wp-json\/wp\/v2\/categories?post=76861"},{"taxonomy":"post_tag","embeddable":true,"href":"https:\/\/cyclingpro.net\/velopro\/wp-json\/wp\/v2\/tags?post=76861"}],"curies":[{"name":"wp","href":"https:\/\/api.w.org\/{rel}","templated":true}]}}