{"id":76698,"date":"2018-06-28T14:31:58","date_gmt":"2018-06-28T12:31:58","guid":{"rendered":"https:\/\/cyclingpro.net\/velopro\/?p=76698"},"modified":"2018-06-28T14:34:55","modified_gmt":"2018-06-28T12:34:55","slug":"apres-sa-victoire-sur-ladriatica-ionica-race-ivan-sosa-prepare-le-tour-de-lavenir","status":"publish","type":"post","link":"https:\/\/cyclingpro.net\/velopro\/course\/tour-de-lavenir\/apres-sa-victoire-sur-ladriatica-ionica-race-ivan-sosa-prepare-le-tour-de-lavenir\/","title":{"rendered":"Apr\u00e8s sa victoire sur l&rsquo;Adriatica Ionica Race, Ivan Sosa pr\u00e9pare le Tour de l&rsquo;Avenir"},"content":{"rendered":"<p style=\"text-align: justify;\"><em>A 20 ans, le grimpeur colombien a sign\u00e9 une premi\u00e8re victoire de prestige apr\u00e8s avoir montr\u00e9 sa valeur au contact des meilleurs sur le Tour des Alpes. Il va d\u00e9sormais rejoindre la s\u00e9lection colombienne des espoirs pour pr\u00e9parer le Tour de Burgos, et surtout le Tour de l&rsquo;Avenir.\u00a0<\/em><\/p>\n<p style=\"text-align: justify;\">Ivan Sosa succ\u00e9dera-t-il \u00e0 son ami Egan Bernal (Sky) au palmar\u00e8s du Tour de l&rsquo;Avenir ? C&rsquo;est en tout cas l&rsquo;objectif qu&rsquo;il s&rsquo;est donn\u00e9 apr\u00e8s avoir aid\u00e9 son a\u00een\u00e9 \u00e0 remporter l&rsquo;\u00e9preuve l&rsquo;an dernier. Grand espoir du cyclisme colombien, <a href=\"https:\/\/cyclingpro.net\/velopro\/course\/adriatica-ionica-race\/ivan-sosa-suit-les-traces-de-son-grand-ami-egan-bernal-le-plus-fort-des-colombiens\/\">Sosa a confirm\u00e9 toutes les attentes plac\u00e9es en lui cette saison en remportant la premi\u00e8re \u00e9dition de l&rsquo;Adriatica Ionica Race<\/a>, une course de premi\u00e8re classe. Sorti du peloton des favoris \u00e0 quelques kilom\u00e8tres de l&rsquo;ultime sommet de l&rsquo;\u00e9tape reine, il avait alors d\u00e9pos\u00e9 tout le monde et s&rsquo;\u00e9tait envol\u00e9 vers la victoire sur le Passo Giau, renversant le classement g\u00e9n\u00e9ral pour en prendre la t\u00eate.<\/p>\n<p style=\"text-align: justify;\">Apr\u00e8s son coup de force sur l&rsquo;\u00e9preuve italienne, il a \u00e9t\u00e9 d\u00e9sign\u00e9 leader de la formation colombienne qui se pr\u00e9sentera sur le Tour de l&rsquo;Avenir. \u00ab <em>Physiquement et psychologiquement, je me sens tr\u00e8s bien<\/em>, a-t-il d\u00e9clar\u00e9 sur le site de la f\u00e9d\u00e9ration colombienne. <em>Je suis tr\u00e8s heureux de pouvoir retrouver l&rsquo;\u00e9quipe nationale. Je pense que lorsque vous courrez sous ce maillot, c&rsquo;est pour donner le meilleur de vous-m\u00eame. J&rsquo;ai d\u00e9j\u00e0 un peu d&rsquo;exp\u00e9rience du Tour de l&rsquo;Avenir. Je sais comment cela fonctionne et comment guider l&rsquo;\u00e9quipe. Je pense qu&rsquo;avec le talent que nous avons dans le pays, nous allons bien repr\u00e9senter la Colombie.\u00a0<\/em>\u00bb<\/p>\n<p style=\"text-align: justify;\">Seul hic, le contre-la-montre par \u00e9quipes pr\u00e9vu pour la quatri\u00e8me \u00e9tape. \u00ab <em>Le chrono peut nous mettre en difficult\u00e9<\/em>, retient Sosa. <em>Mais je pense que nous tous dans l&rsquo;\u00e9quipe travaillons durs pour passer ce test avec succ\u00e8s. Avec l&rsquo;\u00e9quipe, nous travaillons le contre-la-montre et nous avons acquis de l&rsquo;exp\u00e9rience. Je pense que nous allons faire face.<\/em>\u00a0\u00bb<\/p>\n<p style=\"text-align: justify;\">L&rsquo;\u00e9quipe nationale des jeunes Colombiens va maintenant se retrancher sur ses terres pour peaufiner sa pr\u00e9paration. Un retour sur le Vieux Continent est pr\u00e9vu pour disputer le Tour de Burgos, du 7 au 11 ao\u00fbt. L&rsquo;\u00e9preuve espagnole fera office de course pr\u00e9paratoire \u00e0 l&rsquo;objectif principal de Sosa : le Tour de l&rsquo;Avenir, du 17 au 26 ao\u00fbt.<\/p>\n<p>&nbsp;<\/p>\n","protected":false},"excerpt":{"rendered":"<p>A 20 ans, le grimpeur colombien a sign\u00e9 une premi\u00e8re victoire de prestige apr\u00e8s avoir montr\u00e9 sa valeur au contact des meilleurs sur le Tour des Alpes. Il va d\u00e9sormais rejoindre la s\u00e9lection colombienne des espoirs pour pr\u00e9parer le Tour de Burgos, et surtout le Tour de l&rsquo;Avenir.\u00a0 Ivan Sosa succ\u00e9dera-t-il \u00e0 son ami Egan &hellip;<\/p>\n","protected":false},"author":15,"featured_media":76251,"comment_status":"open","ping_status":"open","sticky":false,"template":"","format":"standard","meta":{"footnotes":""},"categories":[11,25,15,131],"tags":[],"class_list":["post-76698","post","type-post","status-publish","format-standard","has-post-thumbnail","hentry","category-news-niveau-2","category-news","category-route","category-tour-de-lavenir"],"_links":{"self":[{"href":"https:\/\/cyclingpro.net\/velopro\/wp-json\/wp\/v2\/posts\/76698","targetHints":{"allow":["GET"]}}],"collection":[{"href":"https:\/\/cyclingpro.net\/velopro\/wp-json\/wp\/v2\/posts"}],"about":[{"href":"https:\/\/cyclingpro.net\/velopro\/wp-json\/wp\/v2\/types\/post"}],"author":[{"embeddable":true,"href":"https:\/\/cyclingpro.net\/velopro\/wp-json\/wp\/v2\/users\/15"}],"replies":[{"embeddable":true,"href":"https:\/\/cyclingpro.net\/velopro\/wp-json\/wp\/v2\/comments?post=76698"}],"version-history":[{"count":0,"href":"https:\/\/cyclingpro.net\/velopro\/wp-json\/wp\/v2\/posts\/76698\/revisions"}],"wp:featuredmedia":[{"embeddable":true,"href":"https:\/\/cyclingpro.net\/velopro\/wp-json\/wp\/v2\/media\/76251"}],"wp:attachment":[{"href":"https:\/\/cyclingpro.net\/velopro\/wp-json\/wp\/v2\/media?parent=76698"}],"wp:term":[{"taxonomy":"category","embeddable":true,"href":"https:\/\/cyclingpro.net\/velopro\/wp-json\/wp\/v2\/categories?post=76698"},{"taxonomy":"post_tag","embeddable":true,"href":"https:\/\/cyclingpro.net\/velopro\/wp-json\/wp\/v2\/tags?post=76698"}],"curies":[{"name":"wp","href":"https:\/\/api.w.org\/{rel}","templated":true}]}}