{"id":76171,"date":"2018-06-22T12:10:55","date_gmt":"2018-06-22T10:10:55","guid":{"rendered":"https:\/\/cyclingpro.net\/velopro\/?p=76171"},"modified":"2018-06-22T12:16:27","modified_gmt":"2018-06-22T10:16:27","slug":"fin-du-tramadol-reglementation-des-corticoides-autorisation-des-freins-a-disque-luci-introduit-de-nouvelles-mesures","status":"publish","type":"post","link":"https:\/\/cyclingpro.net\/velopro\/news\/fin-du-tramadol-reglementation-des-corticoides-autorisation-des-freins-a-disque-luci-introduit-de-nouvelles-mesures\/","title":{"rendered":"Fin du Tramadol, r\u00e9glementation des cortico\u00efdes, autorisation des freins \u00e0 disques&#8230; L&rsquo;UCI introduit de nouvelles mesures"},"content":{"rendered":"<p style=\"text-align: justify;\"><em>R\u00e9unie pendant trois jours \u00e0 Arzon, en Bretagne, l&rsquo;Union Cycliste Internationale a d\u00e9voil\u00e9 jeudi soir d&rsquo;importantes nouvelles, \u00e0 court ou moyen terme. Objectif affich\u00e9 : rendre le cyclisme plus cr\u00e9dible et en faire un sport de r\u00e9f\u00e9rence tout en prot\u00e9geant la sant\u00e9 des coureurs. Le cyclisme f\u00e9minin \u00e9tait aussi au centre des d\u00e9bats.<\/em><\/p>\n<p style=\"text-align: justify;\">L&rsquo;Union s&rsquo;est notamment pench\u00e9e sur la sant\u00e9 des coureurs en affichant sa volont\u00e9 d&rsquo;interdire le Tramadol. Le puissant analg\u00e9sique aux effets secondaires ind\u00e9sirables, notamment des pertes d&rsquo;\u00e9quilibre, va \u00eatre banni des comp\u00e9titions par l&rsquo;UCI pour des raisons de sant\u00e9. Le communiqu\u00e9 publi\u00e9 jeudi soir par l&rsquo;institution fait \u00e9tat d&rsquo;un processus en cours qui sera rapidement men\u00e9 \u00e0 bien.<\/p>\n<p style=\"text-align: justify;\">L&rsquo;institution s&rsquo;est aussi pench\u00e9e sur l&rsquo;utilisation de cortico\u00efdes en comp\u00e9tition, mettant en avant la dangerosit\u00e9 des effets secondaires, qui, en cas de d&rsquo;accident, peuvent menacer la vie des coureurs. L&rsquo;UCI se r\u00e9serve le temps de consulter l&rsquo;opinion d&rsquo;un panel d&rsquo;experts pour d\u00e9finir les tests pouvant \u00eatre men\u00e9s en amont des comp\u00e9titions afin de d\u00e9tecter une insuffisance surr\u00e9nale qui serait, de fait, une contre-indication \u00e0 la pratique du cyclisme en comp\u00e9tition. Par ailleurs, l&rsquo;injection de gluco-cortico\u00efdes \u00e0 un coureur devra \u00eatre d\u00e9clar\u00e9e par un m\u00e9decin de l&rsquo;\u00e9quipe et conduira \u00e0 une absence de toute comp\u00e9tition pendant au moins huit jours. La date du 1er janvier 2019 est pour l&rsquo;instant avanc\u00e9e pour faire entrer en vigueur les mesures contre le Tramadol et les cortico\u00efdes.<\/p>\n<p><strong><a href=\"https:\/\/cyclingpro.net\/velopro\/course\/championnat-du-monde\/un-super-championnat-du-monde-verra-le-jour-en-2023\/\">Lire aussi &gt;\u00a0Un Super-Championnat du monde verra le jour en 2023<\/a><\/strong><\/p>\n<p style=\"text-align: justify;\">Dans un autre registre, l&rsquo;UCI a d\u00e9cid\u00e9 d&rsquo;autoriser officiellement l&rsquo;utilisation des freins \u00e0 disque lors des comp\u00e9titions de cyclisme sur route et de BMX \u00e0 partir du 1er juillet de cette ann\u00e9e. Cette d\u00e9cision a \u00e9t\u00e9 prise apr\u00e8s trois ans de tests, en accord avec les diff\u00e9rents acteurs de la profession.<\/p>\n<p style=\"text-align: justify;\">Plus surprenant, le comit\u00e9 directeur reconna\u00eet l&rsquo;existence du snow bike en comp\u00e9tition et organisera une coupe du monde de la discipline \u00e0 partir de 2020. Cette facette du cyclisme consiste \u00e0 descendre une piste de ski sur un v\u00e9lo sp\u00e9cialement \u00e9quip\u00e9.<\/p>\n<p style=\"text-align: justify;\">Finalement, le principal cheval de bataille de la r\u00e9union tenue \u00e0 Arzon ces derniers jours demeurait la garantie de l&rsquo;\u00e9galit\u00e9 homme-femme. L&rsquo;UCI a notamment fait montre de sa volont\u00e9 d&rsquo;installer des prix \u00e9gaux pour les deux sexes dans les comp\u00e9titions qu&rsquo;elle organise, incitant ainsi les organisateurs priv\u00e9s \u00e0 suivre le mouvement. L&rsquo;\u00e9galit\u00e9 des sexes devra \u00eatre respect\u00e9e jusqu&rsquo;aux podiums, o\u00f9 les h\u00f4tes et h\u00f4tesses devront \u00eatre au m\u00eame nombre, et avec des tenues valid\u00e9es par l&rsquo;institution. Ces mesures seront mise en place d\u00e8s les Mondiaux d&rsquo;Innsbruck, en septembre prochain.<\/p>\n<p style=\"text-align: justify;\">C&rsquo;est d&rsquo;ailleurs en marge des Championnats du monde organis\u00e9s en Autriche que se r\u00e9unira pour la prochaine fois le board de l&rsquo;UCI, du 25 au 27 septembre prochain.<\/p>\n<p>&nbsp;<\/p>\n<p>&nbsp;<\/p>\n","protected":false},"excerpt":{"rendered":"<p>R\u00e9unie pendant trois jours \u00e0 Arzon, en Bretagne, l&rsquo;Union Cycliste Internationale a d\u00e9voil\u00e9 jeudi soir d&rsquo;importantes nouvelles, \u00e0 court ou moyen terme. Objectif affich\u00e9 : rendre le cyclisme plus cr\u00e9dible et en faire un sport de r\u00e9f\u00e9rence tout en prot\u00e9geant la sant\u00e9 des coureurs. Le cyclisme f\u00e9minin \u00e9tait aussi au centre des d\u00e9bats. L&rsquo;Union s&rsquo;est &hellip;<\/p>\n","protected":false},"author":15,"featured_media":27198,"comment_status":"open","ping_status":"open","sticky":false,"template":"","format":"standard","meta":{"footnotes":""},"categories":[17,25,15],"tags":[],"class_list":["post-76171","post","type-post","status-publish","format-standard","has-post-thumbnail","hentry","category-une","category-news","category-route"],"_links":{"self":[{"href":"https:\/\/cyclingpro.net\/velopro\/wp-json\/wp\/v2\/posts\/76171","targetHints":{"allow":["GET"]}}],"collection":[{"href":"https:\/\/cyclingpro.net\/velopro\/wp-json\/wp\/v2\/posts"}],"about":[{"href":"https:\/\/cyclingpro.net\/velopro\/wp-json\/wp\/v2\/types\/post"}],"author":[{"embeddable":true,"href":"https:\/\/cyclingpro.net\/velopro\/wp-json\/wp\/v2\/users\/15"}],"replies":[{"embeddable":true,"href":"https:\/\/cyclingpro.net\/velopro\/wp-json\/wp\/v2\/comments?post=76171"}],"version-history":[{"count":0,"href":"https:\/\/cyclingpro.net\/velopro\/wp-json\/wp\/v2\/posts\/76171\/revisions"}],"wp:featuredmedia":[{"embeddable":true,"href":"https:\/\/cyclingpro.net\/velopro\/wp-json\/wp\/v2\/media\/27198"}],"wp:attachment":[{"href":"https:\/\/cyclingpro.net\/velopro\/wp-json\/wp\/v2\/media?parent=76171"}],"wp:term":[{"taxonomy":"category","embeddable":true,"href":"https:\/\/cyclingpro.net\/velopro\/wp-json\/wp\/v2\/categories?post=76171"},{"taxonomy":"post_tag","embeddable":true,"href":"https:\/\/cyclingpro.net\/velopro\/wp-json\/wp\/v2\/tags?post=76171"}],"curies":[{"name":"wp","href":"https:\/\/api.w.org\/{rel}","templated":true}]}}