{"id":75179,"date":"2018-06-15T09:58:16","date_gmt":"2018-06-15T07:58:16","guid":{"rendered":"https:\/\/cyclingpro.net\/velopro\/?p=75179"},"modified":"2018-06-15T10:12:26","modified_gmt":"2018-06-15T08:12:26","slug":"une-victoire-significative-pour-dylan-groenewegen","status":"publish","type":"post","link":"https:\/\/cyclingpro.net\/velopro\/course\/tour-of-slovenia\/une-victoire-significative-pour-dylan-groenewegen\/","title":{"rendered":"Une victoire significative pour Dylan Groenewegen"},"content":{"rendered":"<p style=\"text-align: justify;\">Petit \u00e0 petit, Dylan Groenewegen se fait certainement sa place dans le haut du panier. L&rsquo;ancien champion des Pays-Bas a hier r\u00e9colt\u00e9 son neuvi\u00e8me succ\u00e8s de la saison, et si ses trois pr\u00e9c\u00e9dents n&rsquo;avaient pas \u00e9t\u00e9 conquis dans la difficult\u00e9 sur un Tour de Norv\u00e8ge au plateau relativement abordable, il en \u00e9tait tout autre jeudi sur le Tour de Slov\u00e9nie. Comme sur Paris-Nice ou le Dubai Tour en d\u00e9but de saison, le pensionnaire de la LottoNL-Jumbo s&rsquo;est montr\u00e9 plus costaud que certains grands noms du sprint mondial. Il n&rsquo;y a d&rsquo;ailleurs pas eu photo du c\u00f4t\u00e9 de Rogaska Slatina. Le dernier vainqueur sur les Champs Elys\u00e9es l&rsquo;a emport\u00e9 avec une marge significative, au lendemain d&rsquo;une premi\u00e8re \u00e9tape o\u00f9 il n&rsquo;avait pu d\u00e9fendre ses chances, coinc\u00e9 dans une chute.<\/p>\n<p style=\"text-align: justify;\"><span class=\"\" title=\"\"><em>\u00ab\u00a0C&rsquo;\u00e9tait encore une fois un final tr\u00e8s mouvement\u00e9,<\/em> a racont\u00e9 Groenewegen.<\/span>\u00a0<em><span class=\"\" title=\"\">Le rythme \u00e9tait tr\u00e8s \u00e9lev\u00e9.<\/span> <span class=\"\" title=\"\">L&rsquo;\u00e9quipe a fait un excellent travail aujourd&rsquo;hui (hier), mais dans le dernier kilom\u00e8tre, nous nous sommes perdus.<\/span> <span title=\"\">Du coup, je d\u00fb manoeuvrer tout seul et initier mon sprint plus t\u00f4t.<\/span> <span title=\"\">Je suis tr\u00e8s content de cette victoire.<\/span> <span title=\"\">C&rsquo;est bon pour moi et aussi bon pour l&rsquo;\u00e9quipe du point de vue de la pr\u00e9paration pour le Tour de France.<\/span>\u00a0Mercredi<span class=\"\" title=\"\">, je n&rsquo;ai pas pu sprinter \u00e0 cause de cette grosse chute, je devais donc remettre les choses en ordre aujourd&rsquo;hui.<\/span>\u00a0J&rsquo;ai battu u<span class=\"\" title=\"\">n certain nombre de grands sprinters ici, et cela me donne certainement beaucoup de confiance pour la suite.\u00a0\u00bb<\/span><\/em><\/p>\n","protected":false},"excerpt":{"rendered":"<p>Petit \u00e0 petit, Dylan Groenewegen se fait certainement sa place dans le haut du panier. L&rsquo;ancien champion des Pays-Bas a hier r\u00e9colt\u00e9 son neuvi\u00e8me succ\u00e8s de la saison, et si ses trois pr\u00e9c\u00e9dents n&rsquo;avaient pas \u00e9t\u00e9 conquis dans la difficult\u00e9 sur un Tour de Norv\u00e8ge au plateau relativement abordable, il en \u00e9tait tout autre jeudi &hellip;<\/p>\n","protected":false},"author":5,"featured_media":75181,"comment_status":"open","ping_status":"open","sticky":false,"template":"","format":"standard","meta":{"footnotes":""},"categories":[11,15,128],"tags":[],"class_list":["post-75179","post","type-post","status-publish","format-standard","has-post-thumbnail","hentry","category-news-niveau-2","category-route","category-tour-of-slovenia"],"_links":{"self":[{"href":"https:\/\/cyclingpro.net\/velopro\/wp-json\/wp\/v2\/posts\/75179","targetHints":{"allow":["GET"]}}],"collection":[{"href":"https:\/\/cyclingpro.net\/velopro\/wp-json\/wp\/v2\/posts"}],"about":[{"href":"https:\/\/cyclingpro.net\/velopro\/wp-json\/wp\/v2\/types\/post"}],"author":[{"embeddable":true,"href":"https:\/\/cyclingpro.net\/velopro\/wp-json\/wp\/v2\/users\/5"}],"replies":[{"embeddable":true,"href":"https:\/\/cyclingpro.net\/velopro\/wp-json\/wp\/v2\/comments?post=75179"}],"version-history":[{"count":0,"href":"https:\/\/cyclingpro.net\/velopro\/wp-json\/wp\/v2\/posts\/75179\/revisions"}],"wp:featuredmedia":[{"embeddable":true,"href":"https:\/\/cyclingpro.net\/velopro\/wp-json\/wp\/v2\/media\/75181"}],"wp:attachment":[{"href":"https:\/\/cyclingpro.net\/velopro\/wp-json\/wp\/v2\/media?parent=75179"}],"wp:term":[{"taxonomy":"category","embeddable":true,"href":"https:\/\/cyclingpro.net\/velopro\/wp-json\/wp\/v2\/categories?post=75179"},{"taxonomy":"post_tag","embeddable":true,"href":"https:\/\/cyclingpro.net\/velopro\/wp-json\/wp\/v2\/tags?post=75179"}],"curies":[{"name":"wp","href":"https:\/\/api.w.org\/{rel}","templated":true}]}}