{"id":74859,"date":"2018-06-13T19:05:15","date_gmt":"2018-06-13T17:05:15","guid":{"rendered":"https:\/\/cyclingpro.net\/velopro\/?p=74859"},"modified":"2018-06-13T19:07:11","modified_gmt":"2018-06-13T17:07:11","slug":"diego-ulissi-une-tres-belle-victoire","status":"publish","type":"post","link":"https:\/\/cyclingpro.net\/velopro\/course\/tour-de-suisse\/diego-ulissi-une-tres-belle-victoire\/","title":{"rendered":"Diego Ulissi : \u00ab\u00a0Une tr\u00e8s belle victoire\u00a0\u00bb"},"content":{"rendered":"<p style=\"text-align: justify;\">Diego Ulissi partage un point commun avec Christopher Juul Jensen (Mitchelton-Scott). Les deux derniers vainqueurs d&rsquo;\u00e9tape sur le Tour de Suisse sortent du Giro. Visiblement, cela est tout sauf un handicap. Apr\u00e8s le Danois, c&rsquo;est donc le puncheur italien qui s&rsquo;est impos\u00e9, dans ce qui \u00e9tait suppos\u00e9e \u00eatre l&rsquo;\u00e9tape reine de l&rsquo;\u00e9preuve helv\u00e9tique. Mais un vent de face et des pentes trop roulantes ont permis au coureur d&rsquo;UAE Team Emirates de se cramponner aupr\u00e8s des favoris au classement g\u00e9n\u00e9ral, avant qu&rsquo;il n&rsquo;use de sa pointe de vitesse bien connue pour signer un premier succ\u00e8s cette saison. Salvateur.<em> \u00ab\u00a0C\u2019est une tr\u00e8s belle victoire, sur l\u2019une des courses par \u00e9tapes les plus importantes du monde<\/em>, se f\u00e9licitait Ulissi \u00e0 notre micro. <em>Je suis sorti en tr\u00e8s bonne forme du Giro, malheureusement sans rien. Je suis heureux de conclure ici, mais je pense d\u00e9j\u00e0 \u00e0 la prochaine \u00e9tape.\u00a0\u00bb<\/em><\/p>\n<p class=\"p1\" style=\"text-align: justify;\">Le sextuple vainqueur d&rsquo;\u00e9tape sur le Tour d&rsquo;Italie reconnaissait la <em>\u00ab\u00a0belle attaque\u00a0\u00bb<\/em> de Mikel Landa dans l&rsquo;ascension finale, <em>\u00ab\u00a0mais heureusement, derri\u00e8re, nous n\u2019avons pas arr\u00eat\u00e9 de rouler\u00a0\u00bb<\/em>, ajoutait-il. Cela a ainsi favoris\u00e9 ses desseins, mais aussi ceux de son \u00e9quipe UAE Team Emirates, \u00e0 la reprise apr\u00e8s une p\u00e9riode creuse :\u00a0<em>\u00ab\u00a0Le v\u00e9lo c\u2019est comme \u00e7a. On vit des hauts et des bas. Nous n\u2019avons pas paniqu\u00e9 et maintenant nous vivons un moment plus joyeux, que nous allons essayer d\u2019entretenir jusqu\u2019\u00e0 la fin de la saison\u00a0\u00bb.\u00a0<\/em>Pour le clin d&rsquo;oeil, quelques minutes apr\u00e8s lui, c&rsquo;est son compatriote et coll\u00e8ge Simone Consonni qui arrachait la premi\u00e8re \u00e9tape du Tour de Slov\u00e9nie. La machine est bien en marche.<\/p>\n","protected":false},"excerpt":{"rendered":"<p>Diego Ulissi partage un point commun avec Christopher Juul Jensen (Mitchelton-Scott). Les deux derniers vainqueurs d&rsquo;\u00e9tape sur le Tour de Suisse sortent du Giro. Visiblement, cela est tout sauf un handicap. Apr\u00e8s le Danois, c&rsquo;est donc le puncheur italien qui s&rsquo;est impos\u00e9, dans ce qui \u00e9tait suppos\u00e9e \u00eatre l&rsquo;\u00e9tape reine de l&rsquo;\u00e9preuve helv\u00e9tique. Mais un &hellip;<\/p>\n","protected":false},"author":5,"featured_media":74861,"comment_status":"open","ping_status":"open","sticky":false,"template":"","format":"standard","meta":{"footnotes":""},"categories":[11,15,74,18],"tags":[],"class_list":["post-74859","post","type-post","status-publish","format-standard","has-post-thumbnail","hentry","category-news-niveau-2","category-route","category-tour-de-suisse","category-videos"],"_links":{"self":[{"href":"https:\/\/cyclingpro.net\/velopro\/wp-json\/wp\/v2\/posts\/74859","targetHints":{"allow":["GET"]}}],"collection":[{"href":"https:\/\/cyclingpro.net\/velopro\/wp-json\/wp\/v2\/posts"}],"about":[{"href":"https:\/\/cyclingpro.net\/velopro\/wp-json\/wp\/v2\/types\/post"}],"author":[{"embeddable":true,"href":"https:\/\/cyclingpro.net\/velopro\/wp-json\/wp\/v2\/users\/5"}],"replies":[{"embeddable":true,"href":"https:\/\/cyclingpro.net\/velopro\/wp-json\/wp\/v2\/comments?post=74859"}],"version-history":[{"count":0,"href":"https:\/\/cyclingpro.net\/velopro\/wp-json\/wp\/v2\/posts\/74859\/revisions"}],"wp:featuredmedia":[{"embeddable":true,"href":"https:\/\/cyclingpro.net\/velopro\/wp-json\/wp\/v2\/media\/74861"}],"wp:attachment":[{"href":"https:\/\/cyclingpro.net\/velopro\/wp-json\/wp\/v2\/media?parent=74859"}],"wp:term":[{"taxonomy":"category","embeddable":true,"href":"https:\/\/cyclingpro.net\/velopro\/wp-json\/wp\/v2\/categories?post=74859"},{"taxonomy":"post_tag","embeddable":true,"href":"https:\/\/cyclingpro.net\/velopro\/wp-json\/wp\/v2\/tags?post=74859"}],"curies":[{"name":"wp","href":"https:\/\/api.w.org\/{rel}","templated":true}]}}