{"id":72507,"date":"2018-06-03T18:52:33","date_gmt":"2018-06-03T16:52:33","guid":{"rendered":"https:\/\/cyclingpro.net\/velopro\/?p=72507"},"modified":"2018-06-03T19:15:41","modified_gmt":"2018-06-03T17:15:41","slug":"hammer-series-2-la-quick-step-reine-du-limburg","status":"publish","type":"post","link":"https:\/\/cyclingpro.net\/velopro\/course\/hammer-series\/hammer-series-2-la-quick-step-reine-du-limburg\/","title":{"rendered":"Hammer Series #2 &#8211; Hammer Chase : La Quick &#8211; Step reine du Limburg"},"content":{"rendered":"<p style=\"text-align: justify;\"><em>La poursuite par \u00e9quipes disput\u00e9e sur trois tours d&rsquo;un circuit de 12,4 kilom\u00e8tres devait d\u00e9cider du vainqueur du volet n\u00e9erlandais des Hammer Series.\u00a0<\/em><\/p>\n<p style=\"text-align: justify;\">Partie en t\u00eate, la Quick &#8211; Step a tenu son rang malgr\u00e9 la pression des Mitchelton &#8211; Scott. Compos\u00e9e de Philippe Gilbert, Kasper Asgren, Alvaro Hodeg, Yves Lampaert et Enric Mas, la formation belge remporte donc le Hammer Limburg devant l&rsquo;\u00e9quipe australienne. La Lotto &#8211; Jumbo compl\u00e8te le podium. Le meilleur temps du parcours est \u00e0 mettre au cr\u00e9dit de la Mitchelton &#8211; Scott en 39&rsquo;50\u00a0\u00bb : il manquait un tour de circuit aux hommes en jaune et noir pour refaire leur retard sur les vainqueurs, alors qu&rsquo;ils \u00e9taient partis avec 1&rsquo;23\u00a0\u00bb de retard.<\/p>\n<p style=\"text-align: justify;\">Partie en deuxi\u00e8me position, <a href=\"https:\/\/cyclingpro.net\/velopro\/resultats\/hammer-series-2-hammer-climb-bahrain-merida-lemporte\/\">la Bahrain &#8211; Merida n&rsquo;a pas pu confirmer sa belle performance du premier jour<\/a>. Les coureurs de l&rsquo;\u00e9quipe du Golfe ont \u00e9t\u00e9 d\u00e9pass\u00e9s deux fois et terminent \u00e0 la 4e place.<\/p>\n<p style=\"text-align: justify;\">Les \u00e9quipes BMC (5e), Sky (6e) et Bora (7e) ont termin\u00e9 ensemble et ont \u00e9t\u00e9 d\u00e9partag\u00e9es par la photo finish. La Lotto &#8211; Soudal termine derni\u00e8re de la batterie des finalistes.<\/p>\n<p style=\"text-align: justify;\">Au classement g\u00e9n\u00e9ral des Hammer Series, <a href=\"https:\/\/cyclingpro.net\/velopro\/course\/hammer-series\/hammer-stavanger-la-mitchelton-scott-de-la-tete-et-des-epaules\/\">la Mitchelton &#8211; Scott reste en t\u00eate apr\u00e8s sa large victoire sur les routes norv\u00e9giennes<\/a>.<\/p>\n<blockquote class=\"twitter-tweet\" data-lang=\"fr\">\n<p dir=\"ltr\" lang=\"en\"><a href=\"https:\/\/twitter.com\/hashtag\/Hammerseries?src=hash&amp;ref_src=twsrc%5Etfw\">#Hammerseries<\/a> Results of the finalist group. Quick-Step wins <a href=\"https:\/\/twitter.com\/hammerlimburg?ref_src=twsrc%5Etfw\">@hammerlimburg<\/a>. <a href=\"https:\/\/twitter.com\/Lotto_Soudal?ref_src=twsrc%5Etfw\">@Lotto_Soudal<\/a> finishes in eight place. Well done! <a href=\"https:\/\/t.co\/wZ2IcqwfXS\">pic.twitter.com\/wZ2IcqwfXS<\/a><\/p>\n<p>\u2014 Lotto Soudal (@Lotto_Soudal) <a href=\"https:\/\/twitter.com\/Lotto_Soudal\/status\/1003320710134226947?ref_src=twsrc%5Etfw\">3 juin 2018<\/a><\/p><\/blockquote>\n<p><script async src=\"https:\/\/platform.twitter.com\/widgets.js\" charset=\"utf-8\"><\/script><\/p>\n","protected":false},"excerpt":{"rendered":"<p>La poursuite par \u00e9quipes disput\u00e9e sur trois tours d&rsquo;un circuit de 12,4 kilom\u00e8tres devait d\u00e9cider du vainqueur du volet n\u00e9erlandais des Hammer Series.\u00a0 Partie en t\u00eate, la Quick &#8211; Step a tenu son rang malgr\u00e9 la pression des Mitchelton &#8211; Scott. Compos\u00e9e de Philippe Gilbert, Kasper Asgren, Alvaro Hodeg, Yves Lampaert et Enric Mas, la &hellip;<\/p>\n","protected":false},"author":15,"featured_media":0,"comment_status":"open","ping_status":"open","sticky":false,"template":"","format":"standard","meta":{"footnotes":""},"categories":[11,123,25,14,15,19],"tags":[],"class_list":["post-72507","post","type-post","status-publish","format-standard","hentry","category-news-niveau-2","category-hammer-series","category-news","category-resultats","category-route","category-worldtour"],"_links":{"self":[{"href":"https:\/\/cyclingpro.net\/velopro\/wp-json\/wp\/v2\/posts\/72507","targetHints":{"allow":["GET"]}}],"collection":[{"href":"https:\/\/cyclingpro.net\/velopro\/wp-json\/wp\/v2\/posts"}],"about":[{"href":"https:\/\/cyclingpro.net\/velopro\/wp-json\/wp\/v2\/types\/post"}],"author":[{"embeddable":true,"href":"https:\/\/cyclingpro.net\/velopro\/wp-json\/wp\/v2\/users\/15"}],"replies":[{"embeddable":true,"href":"https:\/\/cyclingpro.net\/velopro\/wp-json\/wp\/v2\/comments?post=72507"}],"version-history":[{"count":0,"href":"https:\/\/cyclingpro.net\/velopro\/wp-json\/wp\/v2\/posts\/72507\/revisions"}],"wp:attachment":[{"href":"https:\/\/cyclingpro.net\/velopro\/wp-json\/wp\/v2\/media?parent=72507"}],"wp:term":[{"taxonomy":"category","embeddable":true,"href":"https:\/\/cyclingpro.net\/velopro\/wp-json\/wp\/v2\/categories?post=72507"},{"taxonomy":"post_tag","embeddable":true,"href":"https:\/\/cyclingpro.net\/velopro\/wp-json\/wp\/v2\/tags?post=72507"}],"curies":[{"name":"wp","href":"https:\/\/api.w.org\/{rel}","templated":true}]}}