{"id":67328,"date":"2018-04-30T19:25:21","date_gmt":"2018-04-30T17:25:21","guid":{"rendered":"https:\/\/cyclingpro.net\/velopro\/?p=67328"},"modified":"2018-04-30T19:25:21","modified_gmt":"2018-04-30T17:25:21","slug":"bardiani-et-la-malediction-pre-giro","status":"publish","type":"post","link":"https:\/\/cyclingpro.net\/velopro\/non-classe\/bardiani-et-la-malediction-pre-giro\/","title":{"rendered":"Bardiani et la mal\u00e9diction pr\u00e9 Giro ?"},"content":{"rendered":"<p>Giulio Ciccone vient de l&rsquo;annoncer sur son compte twitter. Le leader de la Bardiani est tomb\u00e9 lors de son dernier entra\u00eenement. Appremment, rien de cass\u00e9 &#8230;<\/p>\n<p><em>\u00ab\u00a0La mal\u00e9diction pr\u00e9-Giro a encore frapp\u00e9 cette ann\u00e9e &#x1f914; Une chute insignifiante \u00e0 l&rsquo;entra\u00eenement et voil\u00e0 le r\u00e9sultat. Les examens disent qu&rsquo;il n&rsquo;y a que de fortes ecchymoses et des abrasions diverses, mais heureusement rien de cass\u00e9 &#x1f91e; demain nous nous envolons vers Jerusalem\u00a0\u00bb<\/em> \u00e9crit-il.<\/p>\n","protected":false},"excerpt":{"rendered":"<p>Giulio Ciccone vient de l&rsquo;annoncer sur son compte twitter. Le leader de la Bardiani est tomb\u00e9 lors de son dernier entra\u00eenement. Appremment, rien de cass\u00e9 &#8230; \u00ab\u00a0La mal\u00e9diction pr\u00e9-Giro a encore frapp\u00e9 cette ann\u00e9e &#x1f914; Une chute insignifiante \u00e0 l&rsquo;entra\u00eenement et voil\u00e0 le r\u00e9sultat. Les examens disent qu&rsquo;il n&rsquo;y a que de fortes ecchymoses et &hellip;<\/p>\n","protected":false},"author":7,"featured_media":67329,"comment_status":"open","ping_status":"open","sticky":false,"template":"","format":"standard","meta":{"footnotes":""},"categories":[12,41,15],"tags":[],"class_list":["post-67328","post","type-post","status-publish","format-standard","has-post-thumbnail","hentry","category-non-classe","category-infirmerie","category-route"],"_links":{"self":[{"href":"https:\/\/cyclingpro.net\/velopro\/wp-json\/wp\/v2\/posts\/67328","targetHints":{"allow":["GET"]}}],"collection":[{"href":"https:\/\/cyclingpro.net\/velopro\/wp-json\/wp\/v2\/posts"}],"about":[{"href":"https:\/\/cyclingpro.net\/velopro\/wp-json\/wp\/v2\/types\/post"}],"author":[{"embeddable":true,"href":"https:\/\/cyclingpro.net\/velopro\/wp-json\/wp\/v2\/users\/7"}],"replies":[{"embeddable":true,"href":"https:\/\/cyclingpro.net\/velopro\/wp-json\/wp\/v2\/comments?post=67328"}],"version-history":[{"count":0,"href":"https:\/\/cyclingpro.net\/velopro\/wp-json\/wp\/v2\/posts\/67328\/revisions"}],"wp:featuredmedia":[{"embeddable":true,"href":"https:\/\/cyclingpro.net\/velopro\/wp-json\/wp\/v2\/media\/67329"}],"wp:attachment":[{"href":"https:\/\/cyclingpro.net\/velopro\/wp-json\/wp\/v2\/media?parent=67328"}],"wp:term":[{"taxonomy":"category","embeddable":true,"href":"https:\/\/cyclingpro.net\/velopro\/wp-json\/wp\/v2\/categories?post=67328"},{"taxonomy":"post_tag","embeddable":true,"href":"https:\/\/cyclingpro.net\/velopro\/wp-json\/wp\/v2\/tags?post=67328"}],"curies":[{"name":"wp","href":"https:\/\/api.w.org\/{rel}","templated":true}]}}