{"id":67296,"date":"2018-04-30T14:47:04","date_gmt":"2018-04-30T12:47:04","guid":{"rendered":"https:\/\/cyclingpro.net\/velopro\/?p=67296"},"modified":"2018-04-30T14:52:24","modified_gmt":"2018-04-30T12:52:24","slug":"le-dernier-giro-de-svein-tuft","status":"publish","type":"post","link":"https:\/\/cyclingpro.net\/velopro\/uncategorized\/le-dernier-giro-de-svein-tuft\/","title":{"rendered":"Le dernier Giro de Svein Tuft ?"},"content":{"rendered":"<p>Dans une interview qu&rsquo;il accorde \u00e0 cyclingnews, le coureur de l&rsquo;\u00e9quipe Michelton-Scott envisage de donner maintenant priorit\u00e9 \u00e0 sa famille.<\/p>\n<p>Svein Tuft a eu une longue carri\u00e8re ; encore en course \u00e0 pr\u00e8s de 41 ans (le 9 mai prochain), le Canadien a commenc\u00e9 sa carri\u00e8re professionnelle en 2002, Il s&rsquo;est particuli\u00e8rement illustr\u00e9 en contre la montre (Jeux panam\u00e9ricains en 2008, championnat du Canada en 2004, 2005, 2006, 2008, 2009, 2010, 2011, 2012, 2014 et 2017 !), il a aussi pris la deuxi\u00e8me place du championnat du monde du contre-la-montre, \u00e0 Var\u00e8se en Italie en 2008 et enfile le maillot rose de leader du Giro en 2014, pour avoir pass\u00e9 le premier la ligne lors de la victoire de sa formation en contre-la-montre par \u00e9quipes (1\u00e8re \u00e9tape).<\/p>\n<p>Non sans \u00e9motion, il poursuit : <em>\u00ab\u00a0Ce n&rsquo;est pas s\u00fbr \u00e0 100%, mais je pense que ce sera ma derni\u00e8re ann\u00e9e et mon dernier Giro d&rsquo;Italia. Cela fait longtemps que je fais \u00e7a, donc c&rsquo;est un peu effrayant d&rsquo;y penser, car cela a \u00e9t\u00e9 une grande partie de ma vie, mais je me tourne aussi vers l&rsquo;avenir. J&rsquo;ai un fils, il a six mois et c&rsquo;est important &#8230; Plus que la comp\u00e9tition.\u00a0\u00bb<\/em><\/p>\n","protected":false},"excerpt":{"rendered":"<p>Dans une interview qu&rsquo;il accorde \u00e0 cyclingnews, le coureur de l&rsquo;\u00e9quipe Michelton-Scott envisage de donner maintenant priorit\u00e9 \u00e0 sa famille. Svein Tuft a eu une longue carri\u00e8re ; encore en course \u00e0 pr\u00e8s de 41 ans (le 9 mai prochain), le Canadien a commenc\u00e9 sa carri\u00e8re professionnelle en 2002, Il s&rsquo;est particuli\u00e8rement illustr\u00e9 en contre &hellip;<\/p>\n","protected":false},"author":7,"featured_media":67299,"comment_status":"open","ping_status":"open","sticky":false,"template":"","format":"standard","meta":{"footnotes":""},"categories":[12,15,10,1],"tags":[],"class_list":["post-67296","post","type-post","status-publish","format-standard","has-post-thumbnail","hentry","category-non-classe","category-route","category-mercato","category-uncategorized"],"_links":{"self":[{"href":"https:\/\/cyclingpro.net\/velopro\/wp-json\/wp\/v2\/posts\/67296","targetHints":{"allow":["GET"]}}],"collection":[{"href":"https:\/\/cyclingpro.net\/velopro\/wp-json\/wp\/v2\/posts"}],"about":[{"href":"https:\/\/cyclingpro.net\/velopro\/wp-json\/wp\/v2\/types\/post"}],"author":[{"embeddable":true,"href":"https:\/\/cyclingpro.net\/velopro\/wp-json\/wp\/v2\/users\/7"}],"replies":[{"embeddable":true,"href":"https:\/\/cyclingpro.net\/velopro\/wp-json\/wp\/v2\/comments?post=67296"}],"version-history":[{"count":0,"href":"https:\/\/cyclingpro.net\/velopro\/wp-json\/wp\/v2\/posts\/67296\/revisions"}],"wp:featuredmedia":[{"embeddable":true,"href":"https:\/\/cyclingpro.net\/velopro\/wp-json\/wp\/v2\/media\/67299"}],"wp:attachment":[{"href":"https:\/\/cyclingpro.net\/velopro\/wp-json\/wp\/v2\/media?parent=67296"}],"wp:term":[{"taxonomy":"category","embeddable":true,"href":"https:\/\/cyclingpro.net\/velopro\/wp-json\/wp\/v2\/categories?post=67296"},{"taxonomy":"post_tag","embeddable":true,"href":"https:\/\/cyclingpro.net\/velopro\/wp-json\/wp\/v2\/tags?post=67296"}],"curies":[{"name":"wp","href":"https:\/\/api.w.org\/{rel}","templated":true}]}}