{"id":67272,"date":"2018-04-30T12:03:37","date_gmt":"2018-04-30T10:03:37","guid":{"rendered":"https:\/\/cyclingpro.net\/velopro\/?p=67272"},"modified":"2018-04-30T12:03:37","modified_gmt":"2018-04-30T10:03:37","slug":"greg-van-avermaet-en-reprise-sur-le-tour-du-yorkshire","status":"publish","type":"post","link":"https:\/\/cyclingpro.net\/velopro\/uncategorized\/greg-van-avermaet-en-reprise-sur-le-tour-du-yorkshire\/","title":{"rendered":"Greg Van Avermaet en reprise sur le tour du Yorkshire"},"content":{"rendered":"<p>Apr\u00e8s sa campagne de classiques, v\u00e9ritable disette pour celui qui avait tant gagn\u00e9 l&rsquo;an dernier, Paris-Roubaix, Circuit Het Nieuwsblad, Grand Prix E3, Gand-Wevelgem, Tour du Luxembourg et qui avait m\u00eame d\u00e9tr\u00f4n\u00e9 Peter Sagan en remportant le classement UCI World Tour 2017, Greg Van Avermaet avait besoin d&rsquo;une pause !<\/p>\n<p>C&rsquo;est pour lui le moment de reprendre la comp\u00e9tition. Il a d\u00e9cid\u00e9 de faire sa rentr\u00e9e au Tour du Yorkshire (3 au 6 mai prochains). Rappelons que c&rsquo;est \u00e9galement le choix qu&rsquo;a fait Mark Cavendish apr\u00e8s sa lourde chute lors de Milan San Remo, <\/p>\n<p>Nathan Van Hooydonck figure \u00e9galement dans la s\u00e9lection de BMC. L\u2019Am\u00e9ricain Brent Bookwalter sera, avec Van Avermaet, le leader de la formation. Le N\u00e9o-Z\u00e9landais Patrick Bevin et les Suisses Tom Bohli et Danilo Wyss compl\u00e8tent la s\u00e9lection. mi-avril. <\/p>\n","protected":false},"excerpt":{"rendered":"<p>Apr\u00e8s sa campagne de classiques, v\u00e9ritable disette pour celui qui avait tant gagn\u00e9 l&rsquo;an dernier, Paris-Roubaix, Circuit Het Nieuwsblad, Grand Prix E3, Gand-Wevelgem, Tour du Luxembourg et qui avait m\u00eame d\u00e9tr\u00f4n\u00e9 Peter Sagan en remportant le classement UCI World Tour 2017, Greg Van Avermaet avait besoin d&rsquo;une pause ! C&rsquo;est pour lui le moment de &hellip;<\/p>\n","protected":false},"author":4,"featured_media":64288,"comment_status":"open","ping_status":"open","sticky":false,"template":"","format":"standard","meta":{"footnotes":""},"categories":[12,15,92,1],"tags":[],"class_list":["post-67272","post","type-post","status-publish","format-standard","has-post-thumbnail","hentry","category-non-classe","category-route","category-tour-de-yorkshire","category-uncategorized"],"_links":{"self":[{"href":"https:\/\/cyclingpro.net\/velopro\/wp-json\/wp\/v2\/posts\/67272","targetHints":{"allow":["GET"]}}],"collection":[{"href":"https:\/\/cyclingpro.net\/velopro\/wp-json\/wp\/v2\/posts"}],"about":[{"href":"https:\/\/cyclingpro.net\/velopro\/wp-json\/wp\/v2\/types\/post"}],"author":[{"embeddable":true,"href":"https:\/\/cyclingpro.net\/velopro\/wp-json\/wp\/v2\/users\/4"}],"replies":[{"embeddable":true,"href":"https:\/\/cyclingpro.net\/velopro\/wp-json\/wp\/v2\/comments?post=67272"}],"version-history":[{"count":0,"href":"https:\/\/cyclingpro.net\/velopro\/wp-json\/wp\/v2\/posts\/67272\/revisions"}],"wp:featuredmedia":[{"embeddable":true,"href":"https:\/\/cyclingpro.net\/velopro\/wp-json\/wp\/v2\/media\/64288"}],"wp:attachment":[{"href":"https:\/\/cyclingpro.net\/velopro\/wp-json\/wp\/v2\/media?parent=67272"}],"wp:term":[{"taxonomy":"category","embeddable":true,"href":"https:\/\/cyclingpro.net\/velopro\/wp-json\/wp\/v2\/categories?post=67272"},{"taxonomy":"post_tag","embeddable":true,"href":"https:\/\/cyclingpro.net\/velopro\/wp-json\/wp\/v2\/tags?post=67272"}],"curies":[{"name":"wp","href":"https:\/\/api.w.org\/{rel}","templated":true}]}}