{"id":67267,"date":"2018-04-30T10:48:12","date_gmt":"2018-04-30T08:48:12","guid":{"rendered":"https:\/\/cyclingpro.net\/velopro\/?p=67267"},"modified":"2018-04-30T18:46:12","modified_gmt":"2018-04-30T16:46:12","slug":"jan-bakelants-opere-plus-tot-que-prevu","status":"publish","type":"post","link":"https:\/\/cyclingpro.net\/velopro\/uncategorized\/jan-bakelants-opere-plus-tot-que-prevu\/","title":{"rendered":"Jan Bakelants op\u00e9r\u00e9 plus t\u00f4t que pr\u00e9vu"},"content":{"rendered":"<p>Jan Bakelants commencerait-il \u00e0 voir la fin du long tunnel suite \u00e0 sa chute dans le Tour de Lombardie 2017 ? Le coureur a repris la comp\u00e9tition fin Mars (Cl Loire Atlantique), puis ce mois-ci au Tour du Pays Basque, \u00e0 l&rsquo;Amstel Gold Race et \u00e0 la Fl\u00e8che Wallonne. Il semble y avoir eu de bonnes sensations et de bonnes r\u00e9actions de son corps face \u00e0 l&rsquo;effort.<\/p>\n<p>L&rsquo;op\u00e9ration chirurgicale pour lui enlever vis et boulons (momentan\u00e9ment plac\u00e9s pour renforcer le dos et assurer la gu\u00e9rison des fractures) \u00e9tait pr\u00e9vue plus tard. Mais \u00e0 cause d&rsquo;une bronchite, le coureur belge avait d\u00fb s&rsquo;accorder une pause dans son planning de pr\u00e9paration, et comme la fracture \u00e9tait en tr\u00e8s bonne voie de gu\u00e9rison, il a, avec l&rsquo;accord de ses m\u00e9decins et de son \u00e9quipe, d\u00e9cid\u00e9 d&rsquo;avancer son op\u00e9ration a-t-il confi\u00e9 \u00e0 nos conf\u00e8res de Het Nieuwsblad. <\/p>\n<p>L&rsquo;op\u00e9ration \u00e9tant maintenant r\u00e9alis\u00e9e, le coureur d&rsquo;AG2R La Mondiale esp\u00e8re commencer rapidement une nouvelle phase de sa carri\u00e8re.<\/p>\n","protected":false},"excerpt":{"rendered":"<p>Jan Bakelants commencerait-il \u00e0 voir la fin du long tunnel suite \u00e0 sa chute dans le Tour de Lombardie 2017 ? Le coureur a repris la comp\u00e9tition fin Mars (Cl Loire Atlantique), puis ce mois-ci au Tour du Pays Basque, \u00e0 l&rsquo;Amstel Gold Race et \u00e0 la Fl\u00e8che Wallonne. Il semble y avoir eu de &hellip;<\/p>\n","protected":false},"author":4,"featured_media":44859,"comment_status":"open","ping_status":"open","sticky":false,"template":"","format":"standard","meta":{"footnotes":""},"categories":[12,99,41,15,1],"tags":[],"class_list":["post-67267","post","type-post","status-publish","format-standard","has-post-thumbnail","hentry","category-non-classe","category-eschborn-francfurt","category-infirmerie","category-route","category-uncategorized"],"_links":{"self":[{"href":"https:\/\/cyclingpro.net\/velopro\/wp-json\/wp\/v2\/posts\/67267","targetHints":{"allow":["GET"]}}],"collection":[{"href":"https:\/\/cyclingpro.net\/velopro\/wp-json\/wp\/v2\/posts"}],"about":[{"href":"https:\/\/cyclingpro.net\/velopro\/wp-json\/wp\/v2\/types\/post"}],"author":[{"embeddable":true,"href":"https:\/\/cyclingpro.net\/velopro\/wp-json\/wp\/v2\/users\/4"}],"replies":[{"embeddable":true,"href":"https:\/\/cyclingpro.net\/velopro\/wp-json\/wp\/v2\/comments?post=67267"}],"version-history":[{"count":0,"href":"https:\/\/cyclingpro.net\/velopro\/wp-json\/wp\/v2\/posts\/67267\/revisions"}],"wp:featuredmedia":[{"embeddable":true,"href":"https:\/\/cyclingpro.net\/velopro\/wp-json\/wp\/v2\/media\/44859"}],"wp:attachment":[{"href":"https:\/\/cyclingpro.net\/velopro\/wp-json\/wp\/v2\/media?parent=67267"}],"wp:term":[{"taxonomy":"category","embeddable":true,"href":"https:\/\/cyclingpro.net\/velopro\/wp-json\/wp\/v2\/categories?post=67267"},{"taxonomy":"post_tag","embeddable":true,"href":"https:\/\/cyclingpro.net\/velopro\/wp-json\/wp\/v2\/tags?post=67267"}],"curies":[{"name":"wp","href":"https:\/\/api.w.org\/{rel}","templated":true}]}}