{"id":67061,"date":"2018-04-28T19:33:26","date_gmt":"2018-04-28T17:33:26","guid":{"rendered":"https:\/\/cyclingpro.net\/velopro\/?p=67061"},"modified":"2018-04-28T19:33:26","modified_gmt":"2018-04-28T17:33:26","slug":"giro-lequipe-invitee-wilier-triestina-selle-italia-devoile-sa-selection","status":"publish","type":"post","link":"https:\/\/cyclingpro.net\/velopro\/uncategorized\/giro-lequipe-invitee-wilier-triestina-selle-italia-devoile-sa-selection\/","title":{"rendered":"Giro : l&rsquo;\u00e9quipe invit\u00e9e Wilier Triestina-Selle Italia d\u00e9voile sa s\u00e9lection"},"content":{"rendered":"<p>La troisi\u00e8me et derni\u00e8re \u00e9quipe invit\u00e9e sur ce Giro d&rsquo;Italia 2018 vient de faire conna\u00eetre sa s\u00e9lection <\/p>\n<p>Wilier Triestina-Selle Italia\u00a0<br \/>\nFilippo Pozzato<br \/>\nJakub Mareczko<br \/>\nGiuseppe Fonzi<br \/>\nEugert Zhupa<br \/>\nMarco Coledan<br \/>\nLiam Bertazzo<br \/>\nJacopo Mosca<br \/>\nEdoardo Zardini<\/p>\n","protected":false},"excerpt":{"rendered":"<p>La troisi\u00e8me et derni\u00e8re \u00e9quipe invit\u00e9e sur ce Giro d&rsquo;Italia 2018 vient de faire conna\u00eetre sa s\u00e9lection Wilier Triestina-Selle Italia\u00a0 Filippo Pozzato Jakub Mareczko Giuseppe Fonzi Eugert Zhupa Marco Coledan Liam Bertazzo Jacopo Mosca Edoardo Zardini<\/p>\n","protected":false},"author":7,"featured_media":17770,"comment_status":"open","ping_status":"open","sticky":false,"template":"","format":"standard","meta":{"footnotes":""},"categories":[12,26,15,1],"tags":[],"class_list":["post-67061","post","type-post","status-publish","format-standard","has-post-thumbnail","hentry","category-non-classe","category-compositions","category-route","category-uncategorized"],"_links":{"self":[{"href":"https:\/\/cyclingpro.net\/velopro\/wp-json\/wp\/v2\/posts\/67061","targetHints":{"allow":["GET"]}}],"collection":[{"href":"https:\/\/cyclingpro.net\/velopro\/wp-json\/wp\/v2\/posts"}],"about":[{"href":"https:\/\/cyclingpro.net\/velopro\/wp-json\/wp\/v2\/types\/post"}],"author":[{"embeddable":true,"href":"https:\/\/cyclingpro.net\/velopro\/wp-json\/wp\/v2\/users\/7"}],"replies":[{"embeddable":true,"href":"https:\/\/cyclingpro.net\/velopro\/wp-json\/wp\/v2\/comments?post=67061"}],"version-history":[{"count":0,"href":"https:\/\/cyclingpro.net\/velopro\/wp-json\/wp\/v2\/posts\/67061\/revisions"}],"wp:featuredmedia":[{"embeddable":true,"href":"https:\/\/cyclingpro.net\/velopro\/wp-json\/wp\/v2\/media\/17770"}],"wp:attachment":[{"href":"https:\/\/cyclingpro.net\/velopro\/wp-json\/wp\/v2\/media?parent=67061"}],"wp:term":[{"taxonomy":"category","embeddable":true,"href":"https:\/\/cyclingpro.net\/velopro\/wp-json\/wp\/v2\/categories?post=67061"},{"taxonomy":"post_tag","embeddable":true,"href":"https:\/\/cyclingpro.net\/velopro\/wp-json\/wp\/v2\/tags?post=67061"}],"curies":[{"name":"wp","href":"https:\/\/api.w.org\/{rel}","templated":true}]}}