{"id":66704,"date":"2018-04-26T18:52:00","date_gmt":"2018-04-26T16:52:00","guid":{"rendered":"https:\/\/cyclingpro.net\/velopro\/?p=66704"},"modified":"2018-04-27T14:47:31","modified_gmt":"2018-04-27T12:47:31","slug":"thomas-de-gendt-je-suis-plus-fort","status":"publish","type":"post","link":"https:\/\/cyclingpro.net\/velopro\/course\/tour-de-romandie\/thomas-de-gendt-je-suis-plus-fort\/","title":{"rendered":"Thomas De Gendt : \u00ab\u00a0Je suis plus fort\u00a0\u00bb"},"content":{"rendered":"<p style=\"text-align: justify;\">On a beau s&rsquo;y attendre, Thomas De Gendt nous \u00e9pate tout le temps. Devenu un des meilleurs baroudeurs du peloton ces derni\u00e8res saisons, si ce n&rsquo;est le meilleur, le coureur de la Lotto-Soudal a livr\u00e9 un nouveau num\u00e9ro ce jeudi sur le Tour de Romandie, en remportant en solitaire, et deux minutes devant le peloton, une deuxi\u00e8me \u00e9tape totalement maitris\u00e9e. Pass\u00e9 \u00e0 l&rsquo;attaque d\u00e8s le d\u00e9part, le Belge a pu compter sur l&rsquo;aide de son co\u00e9quipier Victor Campenaerts en t\u00eate de course, puis a fait valoir sa puissance intrins\u00e8que dans les trente derniers kilom\u00e8tres pour se d\u00e9faire de Nathan Brown (EF Education First), l&rsquo;unique rescap\u00e9e de l&rsquo;\u00e9chapp\u00e9e en sa compagnie. Surtout, au micro de Cyclingpro.net, De Gendt assure avoir remport\u00e9 \u00e0 la p\u00e9dale sa deuxi\u00e8me victoire en \u00e9chapp\u00e9e de l&rsquo;ann\u00e9e, apr\u00e8s le Tour de Catalogne. Par l\u00e0, il souhaite surtout souligner que si l&rsquo;\u00e9chapp\u00e9e est all\u00e9e au bout, c&rsquo;est bien gr\u00e2ce aux hommes de t\u00eate, et non pas \u00e0 cause du peloton. Il aurait m\u00eame, selon ses dires, \u00e9tabli des records de puissance au cours de cette journ\u00e9e de v\u00e9lo.<\/p>\n<p class=\"p2\" style=\"text-align: justify;\"><strong>Thomas, ce fut une nouvelle grande performance de votre part\u2026<\/strong><\/p>\n<p class=\"p2\" style=\"text-align: justify;\">J\u2019avais de tr\u00e8s bonnes jambes, donc j\u2019avais envie de prendre l\u2019\u00e9chapp\u00e9e si un joli groupe se formait. Finalement, nous avons nous-m\u00eame cr\u00e9\u00e9 l\u2019\u00e9chapp\u00e9e \u00e0 cinq, puis \u00e0 quatre. J\u2019avais un co\u00e9quipier avec moi en la personne de Victor Campenaerts, et nous avions en fait ce plan en t\u00eate depuis deux semaines d\u00e9j\u00e0. Celui de passer \u00e0 l\u2019attaque dans la premi\u00e8re mont\u00e9e. Une fois partis, nous avons roul\u00e9 \u00e0 fond et quand nous avons eu sept minutes cinquante d\u2019avance, je savais qu\u2019il serait compliqu\u00e9 de nous reprendre. C\u2019\u00e9tait vraiment une belle journ\u00e9e.<\/p>\n<p class=\"p2\" style=\"text-align: justify;\"><strong>N\u2019\u00eates-vous pas surpris que le peloton vous laisse autant de marge, malgr\u00e9 tout ce que vous avez prouv\u00e9 ?<\/strong><\/p>\n<p class=\"p2\" style=\"text-align: justify;\">Vous savez, je ne pense pas qu\u2019il nous a vraiment laiss\u00e9 prendre du temps, c\u2019est plus nous qui l\u2019avons gagn\u00e9. Nous avons conserv\u00e9 une bonne vitesse, nous n\u2019avons pas ralenti. Je crois que j\u2019ai produit 360 watts de moyenne, ce qui est mon record sur une si longue p\u00e9riode. Quand je prenais mes relais, j\u2019envoyais au moins 400 watts, et \u00e7a a \u00e9t\u00e9 \u00e7a toute la journ\u00e9e. Je pense que nous \u00e9tions simplement plus forts aujourd\u2019hui. Ils ne nous ont pas donn\u00e9 sept minutes. Ils nous ont donn\u00e9 trois minutes, ensuite on en a gagn\u00e9 quatre et ils n\u2019ont pu revenir.<\/p>\n<p class=\"p2\" style=\"text-align: justify;\"><strong>Vous sentez-vous encore plus fort cette ann\u00e9e ?<\/strong><\/p>\n<p class=\"p2\" style=\"text-align: justify;\">Oui, je suis plus fort. Je peux encore progresser chaque ann\u00e9e. Un tout petit peu, seulement, mais \u00e7a \u00e9volue tout de m\u00eame. Chaque fois que je passe \u00e0 l\u2019attaque comme cela, j\u2019ai encore plus d\u2019exp\u00e9rience que la fois pr\u00e9c\u00e9dente, mais aussi un peu plus de force dans les jambes. Mon entra\u00eeneur, avec qui je travaille depuis cinq ans, est capable de bien pr\u00e9voir mes s\u00e9ances pour que je sois en forme l\u00e0 o\u00f9 je lui dis que j\u2019aimerais l\u2019\u00eatre. Je voulais \u00eatre en bonne condition ici car je n\u2019avais encore jamais gagn\u00e9 d\u2019\u00e9tape. Je crois que la condition est vraiment bonne et je suis presque triste de ne pas pouvoir aller au Giro car avec ces jambes, je pourrais y faire quelque chose.<\/p>\n<p class=\"p2\" style=\"text-align: justify;\"><strong>Maintenant que vous avez gagn\u00e9 un peu partout, quels peuvent \u00eatre vos objectifs futurs ?<\/strong><\/p>\n<p class=\"p2\" style=\"text-align: justify;\">Il reste le Tour du Pays Basque, o\u00f9 je n\u2019ai encore jamais gagn\u00e9. J\u2019ai essay\u00e9 cette ann\u00e9e, mais j\u2019ai fait seulement sixi\u00e8me de la derni\u00e8re \u00e9tape. Il y a aussi le Tour Down Under, o\u00f9 je n\u2019ai jamais rien remport\u00e9. Ce sont les seules courses WorldTour auxquelles j\u2019ai d\u00e9j\u00e0 pris part mais o\u00f9 je n\u2019ai jamais gagn\u00e9. Il y a aussi l\u2019Eneco Tour et le Tour de Pologne, mais je ne dispute jamais ces \u00e9preuves. L\u2019an prochain, je souhaite donc gagn\u00e9 au Pays Basque et au Tour Down Under, puis il y a aussi les Grands Tours o\u00f9 je veux toujours lever les bras.<\/p>\n<p><span class=\"lfSm8PgfRtkHhoe6vN9BTacDQ7ZPn3qWEyhdpL9zTiRYb0xVtIp5J4YkzjmBGCD1FoMs1Ai357rU60rdMQgexKHaKNljJ\"><iframe loading=\"lazy\" title=\"Thomas De Gendt - Post-race interview - stage 2 - Tour de Romandie 2018\" width=\"500\" height=\"281\" src=\"https:\/\/www.youtube.com\/embed\/KuupdObek78?feature=oembed\" frameborder=\"0\" allow=\"accelerometer; autoplay; clipboard-write; encrypted-media; gyroscope; picture-in-picture; web-share\" referrerpolicy=\"strict-origin-when-cross-origin\" allowfullscreen><\/iframe><\/span><\/p>\n","protected":false},"excerpt":{"rendered":"<p>On a beau s&rsquo;y attendre, Thomas De Gendt nous \u00e9pate tout le temps. Devenu un des meilleurs baroudeurs du peloton ces derni\u00e8res saisons, si ce n&rsquo;est le meilleur, le coureur de la Lotto-Soudal a livr\u00e9 un nouveau num\u00e9ro ce jeudi sur le Tour de Romandie, en remportant en solitaire, et deux minutes devant le peloton, &hellip;<\/p>\n","protected":false},"author":5,"featured_media":66707,"comment_status":"open","ping_status":"open","sticky":false,"template":"","format":"standard","meta":{"footnotes":""},"categories":[27,11,15,105,18],"tags":[],"class_list":["post-66704","post","type-post","status-publish","format-standard","has-post-thumbnail","hentry","category-gros-bloc","category-news-niveau-2","category-route","category-tour-de-romandie","category-videos"],"_links":{"self":[{"href":"https:\/\/cyclingpro.net\/velopro\/wp-json\/wp\/v2\/posts\/66704","targetHints":{"allow":["GET"]}}],"collection":[{"href":"https:\/\/cyclingpro.net\/velopro\/wp-json\/wp\/v2\/posts"}],"about":[{"href":"https:\/\/cyclingpro.net\/velopro\/wp-json\/wp\/v2\/types\/post"}],"author":[{"embeddable":true,"href":"https:\/\/cyclingpro.net\/velopro\/wp-json\/wp\/v2\/users\/5"}],"replies":[{"embeddable":true,"href":"https:\/\/cyclingpro.net\/velopro\/wp-json\/wp\/v2\/comments?post=66704"}],"version-history":[{"count":0,"href":"https:\/\/cyclingpro.net\/velopro\/wp-json\/wp\/v2\/posts\/66704\/revisions"}],"wp:featuredmedia":[{"embeddable":true,"href":"https:\/\/cyclingpro.net\/velopro\/wp-json\/wp\/v2\/media\/66707"}],"wp:attachment":[{"href":"https:\/\/cyclingpro.net\/velopro\/wp-json\/wp\/v2\/media?parent=66704"}],"wp:term":[{"taxonomy":"category","embeddable":true,"href":"https:\/\/cyclingpro.net\/velopro\/wp-json\/wp\/v2\/categories?post=66704"},{"taxonomy":"post_tag","embeddable":true,"href":"https:\/\/cyclingpro.net\/velopro\/wp-json\/wp\/v2\/tags?post=66704"}],"curies":[{"name":"wp","href":"https:\/\/api.w.org\/{rel}","templated":true}]}}