{"id":65229,"date":"2018-04-17T15:22:11","date_gmt":"2018-04-17T13:22:11","guid":{"rendered":"https:\/\/cyclingpro.net\/velopro\/?p=65229"},"modified":"2018-04-17T22:13:19","modified_gmt":"2018-04-17T20:13:19","slug":"tour-des-alpes-2e-etape-miguel-angel-lopez-simpose","status":"publish","type":"post","link":"https:\/\/cyclingpro.net\/velopro\/course\/tour-of-the-alps\/tour-des-alpes-2e-etape-miguel-angel-lopez-simpose\/","title":{"rendered":"Miguel Angel Lopez s&rsquo;impose au sommet de l&rsquo;Alpe di Pampeago"},"content":{"rendered":"<p><em>Apr\u00e8s un premier acte mouvement\u00e9 hier, le Tour des Alpes faisait aujourd\u2019hui route entre Lavarone et le sommet de l\u2019Alpe di Pampeago-Fiemme, \u00e0 l\u2019occasion de son \u00e9tape reine, ponctu\u00e9e de 3000 m\u00e8tres de d\u00e9nivel\u00e9 positif, sous un soleil radieux et une temp\u00e9rature agr\u00e9able. Miguel Angel Lopez a su tirer son \u00e9pingle du jeu en r\u00e9glant au sprint groupe de quatre coureurs, prenant l&rsquo;avantage sur Thibaut Pinot. Le colombien remporte sa troisi\u00e8me victoire cette saison et permet \u00e0 l&rsquo;\u00e9quipe Astana de remporter sa troisi\u00e8me \u00e9tape en trois jours.<\/em><\/p>\n<p>La course a commenc\u00e9 par une longue descente de pr\u00e8s de 20 kms, pendant laquelle six coureurs se sont rapidement \u00e9chapp\u00e9s avant d\u2019atteindre les premiers faux-plats menant au Passo Redebus culminant \u00e0 1455m (15km \u00e0 6% de moyenne), dans la premi\u00e8re moiti\u00e9 de l\u2019\u00e9tape. Les coureurs \u00e9chapp\u00e9s sont Quentin Jauregui (AG2R-La Mondiale), Jacopo Mosca (Willier-Selle Italia), Stephan Rabitsch (Felbermayr-), Oscar Rodriguez (Euskadi-Murias), Marco Frapporti (Androni-Sidermec) et Omer Goldshtein (Israel Cycling Academy).<\/p>\n<p>La FDJ contr\u00f4le l\u2019\u00e9chapp\u00e9e avec J. Roy dans la deuxi\u00e8me partie de l\u2019\u00e9tape, l\u2019\u00e9cart maximum n\u2019ayant pas d\u00e9pass\u00e9 les 6\u201930\u2019\u2019. La Sky vient pr\u00eater main forte \u00e0 l\u2019\u00e9quipe FDJ en t\u00eate de peloton, l\u2019\u00e9cart descend \u00e0 4\u201930\u2019\u2019 \u00e0 27 kms de l\u2019arriv\u00e9e. L\u2019\u00e9quipe Astana laisse faire, malgr\u00e9 la force collective montr\u00e9e la veille.<br \/>\nA moins de 20 km de l\u2019arriv\u00e9e de nombreuses \u00e9quipes \u00e0 l\u2019image de Bora-Hansgrohe replacent leurs coureurs dans les premi\u00e8res positions du peloton.Au cap des 18 kms l\u2019\u00e9chapp\u00e9e se d\u00e9cante rapidement quand Quentin Jauregui et Stefan Rabitsch s\u2019isolent en t\u00eate de course. Marco Frapporti s\u2019accroche et parvient \u00e0 recoller aux deux hommes alors que les autres coureurs de l\u2019\u00e9chapp\u00e9e sont distanc\u00e9s.<\/p>\n<p>Changement de physionomie en t\u00eate de peloton o\u00f9 d\u2019autres formations viennent rouler\u00a0comme UAE et Bahrain. Le peloton perd beaucoup d\u2019\u00e9l\u00e9ments sous l\u2019impulsion des \u00e9quipiers de Fabio Aru (UAE). L\u2019\u00e9quipe Astana commence \u00e0 se montrer en second rideau du peloton. Les \u00e9chapp\u00e9s sont repris un \u00e0 un dans les faux-plats menant \u00e0 la mont\u00e9e finale.<br \/>\nLa formation LottoNL-Jumbo replace ses coureurs alors que les trois hommes de t\u00eate abordent le pied de l\u2019ascension \u00e0 7,5 km de la ligne d\u2019arriv\u00e9e. Jauregui imprime un gros tempo avant d\u2019acc\u00e9l\u00e9rer et de l\u00e2cher ses deux compagnons. Frapporti revient au train alors que Stefan Rabitsch est d\u00e9finitivement l\u00e2ch\u00e9.<\/p>\n<p>Alors que la Sky \u00e0 disparu du premier plan, c\u2019est la Groupama-FDJ qui ram\u00e8ne le peloton et ne laisse sortir personne. Froome est l\u00e9g\u00e8rement distanc\u00e9 au pied du col avant d\u2019\u00eatre remont\u00e9 par son \u00e9quipe. Quentin Jauregui s\u2019isole en t\u00eate de course, mais cela ne suffit pas pour le coureur d\u2019AG2R-La Mondiale, rattrap\u00e9 par le peloton, toujours men\u00e9 par les \u00e9quipiers de Thibaut Pinot.<\/p>\n<p>A 4 kms de l\u2019arriv\u00e9e, l\u2019\u00e9quipe Sky se porte en t\u00eate de peloton. La pente d\u00e9passe par moment 11%. Toujours aucune attaque. Le leader Pello Bilbao est en difficult\u00e9 \u00e0 l\u2019arri\u00e8re du peloton. Jan Hirt (Astana) en profite pour attaquer, suivi par Riccardo Zoidl (Felbermayr-Simplon). La Sky est toujours en t\u00eate et perd ses coureurs petit \u00e0 petit, le peloton est r\u00e9duit \u00e0 une dizaine de coureurs \u00e0 2 kms de l\u2019arriv\u00e9e. Kenny Elissonde acc\u00e9l\u00e8re soudainement avec Chris Froome dans la roue. Fabio Aru est en difficult\u00e9. Sam Benett est \u00e9galement distanc\u00e9, Louis Meintjes aussi\u00a0!<\/p>\n<p>Froome attaque sous la flamme rouge, Pinot contre avec Lopez et Pozzovivo dans la roue. Pozzo contre, Froome poursuit et ram\u00e8ne Lopez, Pinot, Ciccone et Sosa. Lopez place une attaque, Froome revient au train, ses adversaires dans sa roue. Chiconne est l\u00e9g\u00e8rement distanc\u00e9. Dans les derniers m\u00e8tres, Froome lance le sprint sur la droite, Lopez lance sur la gauche et prend l\u2019avantage, Pinot tente de remonter le colombien mais \u00e9choue \u00e0 la seconde place. Ivan Sosa compl\u00e8te le podium et s\u2019empare de la t\u00eate du classement g\u00e9n\u00e9ral. Froome prend une l\u00e9g\u00e8re cassure \u00e0 l\u2019arriv\u00e9e, ainsi que Pozzovivo et Ciccone.<\/p>\n<p><strong>Classement de la 2e \u00e9tape\u00a0:<\/strong><br \/>\n1. Miguel \u00c1ngel L\u00f3pez (Astana) en 3h55&rsquo;30<br \/>\n2. Thibaut Pinot (Groupama &#8211; FDJ)<br \/>\n3. Ivan Ramiro Sosa (Androni Giocattoli &#8211; Sidermec)<br \/>\n4. Chris Froome (Team Sky) \u00e0 0&rsquo;04<br \/>\n5. Domenico Pozzovivo (Bahrain &#8211; Merida) \u00e0 0&rsquo;07<br \/>\n6. Giulio Ciccone (Bardiani &#8211; CSF) \u00e0 0&rsquo;14<br \/>\n7. Jan Hirt (Astana) \u00e0 0&rsquo;20<br \/>\n8. Ben O\u2019Connor (Dimension Data) \u00e0 0&rsquo;27<br \/>\n9. Ben Hermans (Israel Cycling Academy) \u00e0 0&rsquo;31<br \/>\n10. Fabio Aru (UAE Team Emirates) \u00e0 0&rsquo;34<\/p>\n<p><strong>Classement g\u00e9n\u00e9ral \u00e0 l&rsquo;issue de la 2e \u00e9tape :<\/strong><br \/>\n1. Ivan Ramiro Sosa\u00a0(Androni Giocattoli &#8211; Sidermec) en 7h22&rsquo;09<br \/>\n2. Thibaut Pinot (Groupama &#8211; FDJ) \u00e0 0&rsquo;06<br \/>\n3.\u00a0Miguel \u00c1ngel L\u00f3pez (Astana)<br \/>\n4. Christopher Froome (Team Sky) \u00e0 0&rsquo;16<br \/>\n5. Domenico Pozzovivo (Bahrain &#8211; Merida) \u00e0 0&rsquo;19<br \/>\n6. Giulio Ciccone (Bardiani &#8211; CSF) \u00e0 0&rsquo;26<br \/>\n7. Jan Hirt (Astana) \u00e0 0&rsquo;36<br \/>\n8. Ben Hermans (Israel Cycling Academy) \u00e0 0&rsquo;43<br \/>\n9. Fabio Aru (UAE Team Emirates) \u00e0 0&rsquo;50<br \/>\n10. Pello Bilbao (Astana) \u00e0 1&rsquo;17<\/p>\n","protected":false},"excerpt":{"rendered":"<p>Apr\u00e8s un premier acte mouvement\u00e9 hier, le Tour des Alpes faisait aujourd\u2019hui route entre Lavarone et le sommet de l\u2019Alpe di Pampeago-Fiemme, \u00e0 l\u2019occasion de son \u00e9tape reine, ponctu\u00e9e de 3000 m\u00e8tres de d\u00e9nivel\u00e9 positif, sous un soleil radieux et une temp\u00e9rature agr\u00e9able. Miguel Angel Lopez a su tirer son \u00e9pingle du jeu en r\u00e9glant &hellip;<\/p>\n","protected":false},"author":12,"featured_media":0,"comment_status":"open","ping_status":"open","sticky":false,"template":"","format":"standard","meta":{"footnotes":""},"categories":[27,17,14,15,49],"tags":[],"class_list":["post-65229","post","type-post","status-publish","format-standard","hentry","category-gros-bloc","category-une","category-resultats","category-route","category-tour-of-the-alps"],"_links":{"self":[{"href":"https:\/\/cyclingpro.net\/velopro\/wp-json\/wp\/v2\/posts\/65229","targetHints":{"allow":["GET"]}}],"collection":[{"href":"https:\/\/cyclingpro.net\/velopro\/wp-json\/wp\/v2\/posts"}],"about":[{"href":"https:\/\/cyclingpro.net\/velopro\/wp-json\/wp\/v2\/types\/post"}],"author":[{"embeddable":true,"href":"https:\/\/cyclingpro.net\/velopro\/wp-json\/wp\/v2\/users\/12"}],"replies":[{"embeddable":true,"href":"https:\/\/cyclingpro.net\/velopro\/wp-json\/wp\/v2\/comments?post=65229"}],"version-history":[{"count":0,"href":"https:\/\/cyclingpro.net\/velopro\/wp-json\/wp\/v2\/posts\/65229\/revisions"}],"wp:attachment":[{"href":"https:\/\/cyclingpro.net\/velopro\/wp-json\/wp\/v2\/media?parent=65229"}],"wp:term":[{"taxonomy":"category","embeddable":true,"href":"https:\/\/cyclingpro.net\/velopro\/wp-json\/wp\/v2\/categories?post=65229"},{"taxonomy":"post_tag","embeddable":true,"href":"https:\/\/cyclingpro.net\/velopro\/wp-json\/wp\/v2\/tags?post=65229"}],"curies":[{"name":"wp","href":"https:\/\/api.w.org\/{rel}","templated":true}]}}