{"id":65090,"date":"2018-04-15T19:17:36","date_gmt":"2018-04-15T17:17:36","guid":{"rendered":"https:\/\/cyclingpro.net\/velopro\/?p=65090"},"modified":"2018-04-15T19:17:36","modified_gmt":"2018-04-15T17:17:36","slug":"philippe-gilbert-tout-le-monde-etait-a-la-rupture","status":"publish","type":"post","link":"https:\/\/cyclingpro.net\/velopro\/course\/amstel-gold-race\/philippe-gilbert-tout-le-monde-etait-a-la-rupture\/","title":{"rendered":"Philippe Gilbert : \u00ab\u00a0Tout le monde \u00e9tait \u00e0 la rupture\u00a0\u00bb"},"content":{"rendered":"<p>Philippe Gilbert est revenu sur le d\u00e9roulement de l&rsquo;Amstel Gold Race. Absent des premi\u00e8res places dans le final, Gilbert n&rsquo;a pas pes\u00e9 sur la course comme il l&rsquo;avait fait l&rsquo;an pass\u00e9, et s&rsquo;est retrouv\u00e9 dans un groupe de poursuivants qui n&rsquo;est jamais revenu sur la t\u00eate de course.<\/p>\n<p><span class=\"PsRdoy8cvQlzLmYXp49ngOhDH\"><iframe loading=\"lazy\" title=\"Philippe Gilbert - interview d&#039;arriv\u00e9e - Amstel Gold Race 2018\" width=\"500\" height=\"281\" src=\"https:\/\/www.youtube.com\/embed\/vYu6Wx5V59g?feature=oembed\" frameborder=\"0\" allow=\"accelerometer; autoplay; clipboard-write; encrypted-media; gyroscope; picture-in-picture; web-share\" referrerpolicy=\"strict-origin-when-cross-origin\" allowfullscreen><\/iframe><\/span><\/p>\n","protected":false},"excerpt":{"rendered":"<p>Philippe Gilbert est revenu sur le d\u00e9roulement de l&rsquo;Amstel Gold Race. Absent des premi\u00e8res places dans le final, Gilbert n&rsquo;a pas pes\u00e9 sur la course comme il l&rsquo;avait fait l&rsquo;an pass\u00e9, et s&rsquo;est retrouv\u00e9 dans un groupe de poursuivants qui n&rsquo;est jamais revenu sur la t\u00eate de course.<\/p>\n","protected":false},"author":12,"featured_media":0,"comment_status":"open","ping_status":"open","sticky":false,"template":"","format":"standard","meta":{"footnotes":""},"categories":[11,44,15,19],"tags":[],"class_list":["post-65090","post","type-post","status-publish","format-standard","hentry","category-news-niveau-2","category-amstel-gold-race","category-route","category-worldtour"],"_links":{"self":[{"href":"https:\/\/cyclingpro.net\/velopro\/wp-json\/wp\/v2\/posts\/65090","targetHints":{"allow":["GET"]}}],"collection":[{"href":"https:\/\/cyclingpro.net\/velopro\/wp-json\/wp\/v2\/posts"}],"about":[{"href":"https:\/\/cyclingpro.net\/velopro\/wp-json\/wp\/v2\/types\/post"}],"author":[{"embeddable":true,"href":"https:\/\/cyclingpro.net\/velopro\/wp-json\/wp\/v2\/users\/12"}],"replies":[{"embeddable":true,"href":"https:\/\/cyclingpro.net\/velopro\/wp-json\/wp\/v2\/comments?post=65090"}],"version-history":[{"count":0,"href":"https:\/\/cyclingpro.net\/velopro\/wp-json\/wp\/v2\/posts\/65090\/revisions"}],"wp:attachment":[{"href":"https:\/\/cyclingpro.net\/velopro\/wp-json\/wp\/v2\/media?parent=65090"}],"wp:term":[{"taxonomy":"category","embeddable":true,"href":"https:\/\/cyclingpro.net\/velopro\/wp-json\/wp\/v2\/categories?post=65090"},{"taxonomy":"post_tag","embeddable":true,"href":"https:\/\/cyclingpro.net\/velopro\/wp-json\/wp\/v2\/tags?post=65090"}],"curies":[{"name":"wp","href":"https:\/\/api.w.org\/{rel}","templated":true}]}}