{"id":64814,"date":"2018-04-14T10:54:27","date_gmt":"2018-04-14T08:54:27","guid":{"rendered":"https:\/\/cyclingpro.net\/velopro\/?p=64814"},"modified":"2018-04-14T10:54:27","modified_gmt":"2018-04-14T08:54:27","slug":"amstel-gold-race-quasiment-que-des-neophytes-chez-israel-cycling-academy","status":"publish","type":"post","link":"https:\/\/cyclingpro.net\/velopro\/news-niveau-2\/amstel-gold-race-quasiment-que-des-neophytes-chez-israel-cycling-academy\/","title":{"rendered":"Amstel Gold Race : Quasiment que des n\u00e9ophytes chez Israel Cycling Academy"},"content":{"rendered":"<p>L&rsquo;\u00e9quipe Israel Cycling Academy prendra le d\u00e9part de son premier Amstel Gold Race (15 avril) avec une grande majorit\u00e9 de n\u00e9ophytes. Parmis les coureurs align\u00e9s, seul l&rsquo;italien Kristian Sbaragli a d\u00e9j\u00e0 pris part \u00e0 la course, avec pour meilleur r\u00e9sultat une 16e place\u00a0 l&rsquo;an pass\u00e9. Le jeune letton Krists Neilands sera aussi une belle chance de r\u00e9sultat.<\/p>\n<p><span style=\"text-decoration: underline;\"><em>Composition de l\u2019\u00e9quipe Israel Cycling Academy pour l\u2019Amstel Gold Race 2018 (15 avril) :<\/em><\/span>\u00a0Guillaume Boivin, Roy Goldstein, August Jensen, Krists Neilands, Ben Perry, Kristian Sbaragli, Tyler Williams.<\/p>\n","protected":false},"excerpt":{"rendered":"<p>L&rsquo;\u00e9quipe Israel Cycling Academy prendra le d\u00e9part de son premier Amstel Gold Race (15 avril) avec une grande majorit\u00e9 de n\u00e9ophytes. Parmis les coureurs align\u00e9s, seul l&rsquo;italien Kristian Sbaragli a d\u00e9j\u00e0 pris part \u00e0 la course, avec pour meilleur r\u00e9sultat une 16e place\u00a0 l&rsquo;an pass\u00e9. Le jeune letton Krists Neilands sera aussi une belle chance &hellip;<\/p>\n","protected":false},"author":11,"featured_media":0,"comment_status":"open","ping_status":"open","sticky":false,"template":"","format":"standard","meta":{"footnotes":""},"categories":[11,44,26,25,15,19],"tags":[],"class_list":["post-64814","post","type-post","status-publish","format-standard","hentry","category-news-niveau-2","category-amstel-gold-race","category-compositions","category-news","category-route","category-worldtour"],"_links":{"self":[{"href":"https:\/\/cyclingpro.net\/velopro\/wp-json\/wp\/v2\/posts\/64814","targetHints":{"allow":["GET"]}}],"collection":[{"href":"https:\/\/cyclingpro.net\/velopro\/wp-json\/wp\/v2\/posts"}],"about":[{"href":"https:\/\/cyclingpro.net\/velopro\/wp-json\/wp\/v2\/types\/post"}],"author":[{"embeddable":true,"href":"https:\/\/cyclingpro.net\/velopro\/wp-json\/wp\/v2\/users\/11"}],"replies":[{"embeddable":true,"href":"https:\/\/cyclingpro.net\/velopro\/wp-json\/wp\/v2\/comments?post=64814"}],"version-history":[{"count":0,"href":"https:\/\/cyclingpro.net\/velopro\/wp-json\/wp\/v2\/posts\/64814\/revisions"}],"wp:attachment":[{"href":"https:\/\/cyclingpro.net\/velopro\/wp-json\/wp\/v2\/media?parent=64814"}],"wp:term":[{"taxonomy":"category","embeddable":true,"href":"https:\/\/cyclingpro.net\/velopro\/wp-json\/wp\/v2\/categories?post=64814"},{"taxonomy":"post_tag","embeddable":true,"href":"https:\/\/cyclingpro.net\/velopro\/wp-json\/wp\/v2\/tags?post=64814"}],"curies":[{"name":"wp","href":"https:\/\/api.w.org\/{rel}","templated":true}]}}