{"id":64779,"date":"2018-04-13T16:41:29","date_gmt":"2018-04-13T14:41:29","guid":{"rendered":"https:\/\/cyclingpro.net\/velopro\/?p=64779"},"modified":"2018-04-13T16:45:56","modified_gmt":"2018-04-13T14:45:56","slug":"amstel-gold-race-tsgabu-grmay-remplace-john-degenkolb","status":"publish","type":"post","link":"https:\/\/cyclingpro.net\/velopro\/course\/amstel-gold-race\/amstel-gold-race-tsgabu-grmay-remplace-john-degenkolb\/","title":{"rendered":"Amstel Gold Race : Tsgabu Grmay remplace John Degenkolb"},"content":{"rendered":"<p>John Degenkolb (Trek &#8211; Segafredo) ne prendra finalement pas part \u00e0 l&rsquo;Amstel Gold Race. Le coureur allemand est tomb\u00e9 lors de Paris-Roubaix et souffre du genou. Rien de trop grave apparemment mais il est pr\u00e9f\u00e9rable selon l&rsquo;\u00e9quipe am\u00e9ricaine que Degenkolb ne s&rsquo;aligne pas sur l&rsquo;Amstel et se concentre sur son retour le 1e mai prochain pour Eschborn-Francfort. Il sera remplac\u00e9 par Tsgabu Grmay, qui ressort pour sa part du Tour du Pays Basque. Bauke Mollema et Jasper Stuyven restent les leaders, avec\u00a0Toms Skuji\u0146\u0161 en embuscade.<\/p>\n<p><span style=\"text-decoration: underline;\"><em>Composition de l&rsquo;\u00e9quipe Trek-Segafredo pour l&rsquo;Amstel Gold Race 2018 (15 avril) :<\/em><\/span> Bauke Mollema, Jasper Stuyven,\u00a0Toms Skuji\u0146\u0161, Tsgabu Grmay,\u00a0Ruben Guerreiro, Koen de Kort, Michael Gogl.<\/p>\n<p>&nbsp;<\/p>\n","protected":false},"excerpt":{"rendered":"<p>John Degenkolb (Trek &#8211; Segafredo) ne prendra finalement pas part \u00e0 l&rsquo;Amstel Gold Race. Le coureur allemand est tomb\u00e9 lors de Paris-Roubaix et souffre du genou. Rien de trop grave apparemment mais il est pr\u00e9f\u00e9rable selon l&rsquo;\u00e9quipe am\u00e9ricaine que Degenkolb ne s&rsquo;aligne pas sur l&rsquo;Amstel et se concentre sur son retour le 1e mai prochain &hellip;<\/p>\n","protected":false},"author":4,"featured_media":0,"comment_status":"open","ping_status":"open","sticky":false,"template":"","format":"standard","meta":{"footnotes":""},"categories":[12,44,26,15],"tags":[],"class_list":["post-64779","post","type-post","status-publish","format-standard","hentry","category-non-classe","category-amstel-gold-race","category-compositions","category-route"],"_links":{"self":[{"href":"https:\/\/cyclingpro.net\/velopro\/wp-json\/wp\/v2\/posts\/64779","targetHints":{"allow":["GET"]}}],"collection":[{"href":"https:\/\/cyclingpro.net\/velopro\/wp-json\/wp\/v2\/posts"}],"about":[{"href":"https:\/\/cyclingpro.net\/velopro\/wp-json\/wp\/v2\/types\/post"}],"author":[{"embeddable":true,"href":"https:\/\/cyclingpro.net\/velopro\/wp-json\/wp\/v2\/users\/4"}],"replies":[{"embeddable":true,"href":"https:\/\/cyclingpro.net\/velopro\/wp-json\/wp\/v2\/comments?post=64779"}],"version-history":[{"count":0,"href":"https:\/\/cyclingpro.net\/velopro\/wp-json\/wp\/v2\/posts\/64779\/revisions"}],"wp:attachment":[{"href":"https:\/\/cyclingpro.net\/velopro\/wp-json\/wp\/v2\/media?parent=64779"}],"wp:term":[{"taxonomy":"category","embeddable":true,"href":"https:\/\/cyclingpro.net\/velopro\/wp-json\/wp\/v2\/categories?post=64779"},{"taxonomy":"post_tag","embeddable":true,"href":"https:\/\/cyclingpro.net\/velopro\/wp-json\/wp\/v2\/tags?post=64779"}],"curies":[{"name":"wp","href":"https:\/\/api.w.org\/{rel}","templated":true}]}}