{"id":64766,"date":"2018-04-13T13:18:20","date_gmt":"2018-04-13T11:18:20","guid":{"rendered":"https:\/\/cyclingpro.net\/velopro\/?p=64766"},"modified":"2018-04-13T13:19:11","modified_gmt":"2018-04-13T11:19:11","slug":"amstel-gold-race-vital-concept-autour-de-bryan-coquard","status":"publish","type":"post","link":"https:\/\/cyclingpro.net\/velopro\/course\/amstel-gold-race\/amstel-gold-race-vital-concept-autour-de-bryan-coquard\/","title":{"rendered":"Amstel Gold Race : Vital Concept autour de Bryan Coquard"},"content":{"rendered":"<p>Apr\u00e8s sa bonne forme affich\u00e9e sur la Fl\u00e8che Braban\u00e7onne, Bryan Coquard se dirige vers l&rsquo;Amstel Gold Race avec confiance (<a href=\"https:\/\/cyclingpro.net\/velopro\/course\/la-fleche-brabanconne\/bryan-coquard-je-ressors-un-peu-la-tete-de-leau\/\">lire ici<\/a>). Il a aussi vu qu&rsquo;il avait une \u00e9quipe solide autour de lui. Justement la composition de l&rsquo;\u00e9quipe bretonne sera exactement identique \u00e0 celle de mercredi dernier.<\/p>\n<p><span style=\"text-decoration: underline;\"><em>Composition de l&rsquo;\u00e9quipe Vital Concept pour l&rsquo;Amstel Gold Race 2018 (15 avril) :<\/em><\/span> Bryan Coquard, Quentin Pacher, Tanguy Turgis, Justin Mottier, K\u00e9vin R\u00e9za, Yoann Bagot, Patrick M\u00fcller<\/p>\n","protected":false},"excerpt":{"rendered":"<p>Apr\u00e8s sa bonne forme affich\u00e9e sur la Fl\u00e8che Braban\u00e7onne, Bryan Coquard se dirige vers l&rsquo;Amstel Gold Race avec confiance (lire ici). Il a aussi vu qu&rsquo;il avait une \u00e9quipe solide autour de lui. Justement la composition de l&rsquo;\u00e9quipe bretonne sera exactement identique \u00e0 celle de mercredi dernier. Composition de l&rsquo;\u00e9quipe Vital Concept pour l&rsquo;Amstel Gold &hellip;<\/p>\n","protected":false},"author":4,"featured_media":54935,"comment_status":"open","ping_status":"open","sticky":false,"template":"","format":"standard","meta":{"footnotes":""},"categories":[11,44,15],"tags":[],"class_list":["post-64766","post","type-post","status-publish","format-standard","has-post-thumbnail","hentry","category-news-niveau-2","category-amstel-gold-race","category-route"],"_links":{"self":[{"href":"https:\/\/cyclingpro.net\/velopro\/wp-json\/wp\/v2\/posts\/64766","targetHints":{"allow":["GET"]}}],"collection":[{"href":"https:\/\/cyclingpro.net\/velopro\/wp-json\/wp\/v2\/posts"}],"about":[{"href":"https:\/\/cyclingpro.net\/velopro\/wp-json\/wp\/v2\/types\/post"}],"author":[{"embeddable":true,"href":"https:\/\/cyclingpro.net\/velopro\/wp-json\/wp\/v2\/users\/4"}],"replies":[{"embeddable":true,"href":"https:\/\/cyclingpro.net\/velopro\/wp-json\/wp\/v2\/comments?post=64766"}],"version-history":[{"count":0,"href":"https:\/\/cyclingpro.net\/velopro\/wp-json\/wp\/v2\/posts\/64766\/revisions"}],"wp:featuredmedia":[{"embeddable":true,"href":"https:\/\/cyclingpro.net\/velopro\/wp-json\/wp\/v2\/media\/54935"}],"wp:attachment":[{"href":"https:\/\/cyclingpro.net\/velopro\/wp-json\/wp\/v2\/media?parent=64766"}],"wp:term":[{"taxonomy":"category","embeddable":true,"href":"https:\/\/cyclingpro.net\/velopro\/wp-json\/wp\/v2\/categories?post=64766"},{"taxonomy":"post_tag","embeddable":true,"href":"https:\/\/cyclingpro.net\/velopro\/wp-json\/wp\/v2\/tags?post=64766"}],"curies":[{"name":"wp","href":"https:\/\/api.w.org\/{rel}","templated":true}]}}