{"id":63210,"date":"2018-03-31T15:54:44","date_gmt":"2018-03-31T13:54:44","guid":{"rendered":"http:\/\/cyclingpro.net\/velopro\/?p=63210"},"modified":"2018-04-02T11:41:57","modified_gmt":"2018-04-02T09:41:57","slug":"vital-concept-bert-de-backer-remplace-kris-boeckmans-pour-le-tour-des-flandres","status":"publish","type":"post","link":"https:\/\/cyclingpro.net\/velopro\/course\/ronde-van-vlaanderen\/vital-concept-bert-de-backer-remplace-kris-boeckmans-pour-le-tour-des-flandres\/","title":{"rendered":"Vital Concept: Bert de Backer remplace Kris Boeckmans pour le Tour des Flandres"},"content":{"rendered":"<p>L&rsquo;\u00e9quipe Vital Concept vient d&rsquo;annoncer le remplacement de\u00a0Kris Boeckmans par Bert de Backer pour le Tour des Flandres qui se courra dimanche. Le coureur N\u00e9erlandais participera \u00e0 son 8\u00e8me Tour des Flandres, et est un solide co\u00e9quipier sur les flandriennes. Il a en effet notamment particip\u00e9 activement \u00e0 la victoire de John Degenkolb sur le Paris-Roubaix 2015, terminant lui-m\u00eame 12\u00e8me de cette course.<\/p>\n","protected":false},"excerpt":{"rendered":"<p>L&rsquo;\u00e9quipe Vital Concept vient d&rsquo;annoncer le remplacement de\u00a0Kris Boeckmans par Bert de Backer pour le Tour des Flandres qui se courra dimanche. Le coureur N\u00e9erlandais participera \u00e0 son 8\u00e8me Tour des Flandres, et est un solide co\u00e9quipier sur les flandriennes. Il a en effet notamment particip\u00e9 activement \u00e0 la victoire de John Degenkolb sur le &hellip;<\/p>\n","protected":false},"author":13,"featured_media":0,"comment_status":"open","ping_status":"open","sticky":false,"template":"","format":"standard","meta":{"footnotes":""},"categories":[11,71],"tags":[],"class_list":["post-63210","post","type-post","status-publish","format-standard","hentry","category-news-niveau-2","category-ronde-van-vlaanderen"],"_links":{"self":[{"href":"https:\/\/cyclingpro.net\/velopro\/wp-json\/wp\/v2\/posts\/63210","targetHints":{"allow":["GET"]}}],"collection":[{"href":"https:\/\/cyclingpro.net\/velopro\/wp-json\/wp\/v2\/posts"}],"about":[{"href":"https:\/\/cyclingpro.net\/velopro\/wp-json\/wp\/v2\/types\/post"}],"author":[{"embeddable":true,"href":"https:\/\/cyclingpro.net\/velopro\/wp-json\/wp\/v2\/users\/13"}],"replies":[{"embeddable":true,"href":"https:\/\/cyclingpro.net\/velopro\/wp-json\/wp\/v2\/comments?post=63210"}],"version-history":[{"count":0,"href":"https:\/\/cyclingpro.net\/velopro\/wp-json\/wp\/v2\/posts\/63210\/revisions"}],"wp:attachment":[{"href":"https:\/\/cyclingpro.net\/velopro\/wp-json\/wp\/v2\/media?parent=63210"}],"wp:term":[{"taxonomy":"category","embeddable":true,"href":"https:\/\/cyclingpro.net\/velopro\/wp-json\/wp\/v2\/categories?post=63210"},{"taxonomy":"post_tag","embeddable":true,"href":"https:\/\/cyclingpro.net\/velopro\/wp-json\/wp\/v2\/tags?post=63210"}],"curies":[{"name":"wp","href":"https:\/\/api.w.org\/{rel}","templated":true}]}}