{"id":63197,"date":"2018-03-31T14:40:48","date_gmt":"2018-03-31T12:40:48","guid":{"rendered":"http:\/\/cyclingpro.net\/velopro\/?p=63197"},"modified":"2018-04-02T11:42:24","modified_gmt":"2018-04-02T09:42:24","slug":"philippe-gilbert-je-ne-suis-pas-un-coureur-attentiste","status":"publish","type":"post","link":"https:\/\/cyclingpro.net\/velopro\/course\/ronde-van-vlaanderen\/philippe-gilbert-je-ne-suis-pas-un-coureur-attentiste\/","title":{"rendered":"Philippe Gilbert: \u00ab\u00a0Je ne suis pas un coureur attentiste\u00a0\u00bb"},"content":{"rendered":"<p style=\"text-align: justify;\">Philippe Gilbert d\u00e9fendra sa couronne sur le prochain Tour des Flandres, avant de tenter de s&rsquo;imposer \u00e9galement sur Paris-Roubaix le dimanche suivant, seul monument avec Milan San-Remo qui manque \u00e0 son palmar\u00e8s.<\/p>\n<p style=\"text-align: justify;\">Il se sait forc\u00e9ment plus surveill\u00e9 apr\u00e8s sa performance exceptionnelle de l&rsquo;an pass\u00e9 et la premi\u00e8re attaque collective survenue dans le Muur de Gramont \u00e0 pr\u00e8s de 100 kilom\u00e8tres de l&rsquo;arriv\u00e9e. Cependant, il ne compte pas changer sa mani\u00e8re de courir: \u00ab\u00a0<em>Je ne suis pas un coureur qui suit les autres et qui attend les attaques, je n&rsquo;ai jamais couru comme \u00e7a et \u00e0 l&rsquo;\u00e2ge de 35 ans je ne vais certainement pas commencer. Il y en a qui courent comme \u00e7a, m\u00eame s&rsquo;ils perdent souvent. Cependant, ce n&rsquo;est pas ma fa\u00e7on de faire.<\/em>\u00ab\u00a0<\/p>\n<p style=\"text-align: justify;\">Il sait que la Quick-Step Floors sera forc\u00e9ment tr\u00e8s surveill\u00e9e ce dimanche, \u00e9tant donn\u00e9 la supr\u00e9matie affich\u00e9e sur les terres Flandriennes depuis le d\u00e9but des classiques (Victoire au GP E3 pour Niki Terstra, 2 \u00e8me place \u00e0 Gand Wevelgem pour Elia Viviani, victoire d&rsquo;Yves Lampaert sur A Travers les Flandres): \u00ab\u00a0<em>Nous sommes une \u00e9quipe solide quelque soit le profil de la course, nous courons ensemble et nous sommes bien ensemble. Nous sommes ici pour donner le meilleur de nous-m\u00eames, en essayant toujours de gagner<\/em>.\u00a0\u00bb<\/p>\n<p style=\"text-align: justify;\">Cependant, l&rsquo;abondance de leaders potentiels chez Quick-Step Floors sur la course de dimanche pourrait aussi freiner les ardeurs du coureur belge, comme cela s&rsquo;est pass\u00e9 sur le GP E3 o\u00f9 il devait prot\u00e9ger la fuite de ses \u00e9quipiers Yves Lampaert et Niki Tersptra. Il ne s&rsquo;en \u00e9meut pas: \u00ab\u00a0<em>L&rsquo;ann\u00e9e derni\u00e8re, j&rsquo;ai pu profiter de l&rsquo;\u00e9quipe, ils m&rsquo;ont beaucoup aid\u00e9, alors que cette ann\u00e9e \u00e7a se passe un peu diff\u00e9remment jusqu&rsquo;\u00e0 pr\u00e9sent, mais \u00e7a fait partie du jeu d&rsquo;\u00e9quipe.\u00a0<\/em>\u00ab\u00a0<\/p>\n","protected":false},"excerpt":{"rendered":"<p>Philippe Gilbert d\u00e9fendra sa couronne sur le prochain Tour des Flandres, avant de tenter de s&rsquo;imposer \u00e9galement sur Paris-Roubaix le dimanche suivant, seul monument avec Milan San-Remo qui manque \u00e0 son palmar\u00e8s. Il se sait forc\u00e9ment plus surveill\u00e9 apr\u00e8s sa performance exceptionnelle de l&rsquo;an pass\u00e9 et la premi\u00e8re attaque collective survenue dans le Muur de &hellip;<\/p>\n","protected":false},"author":13,"featured_media":62062,"comment_status":"open","ping_status":"open","sticky":false,"template":"","format":"standard","meta":{"footnotes":""},"categories":[11,71],"tags":[],"class_list":["post-63197","post","type-post","status-publish","format-standard","has-post-thumbnail","hentry","category-news-niveau-2","category-ronde-van-vlaanderen"],"_links":{"self":[{"href":"https:\/\/cyclingpro.net\/velopro\/wp-json\/wp\/v2\/posts\/63197","targetHints":{"allow":["GET"]}}],"collection":[{"href":"https:\/\/cyclingpro.net\/velopro\/wp-json\/wp\/v2\/posts"}],"about":[{"href":"https:\/\/cyclingpro.net\/velopro\/wp-json\/wp\/v2\/types\/post"}],"author":[{"embeddable":true,"href":"https:\/\/cyclingpro.net\/velopro\/wp-json\/wp\/v2\/users\/13"}],"replies":[{"embeddable":true,"href":"https:\/\/cyclingpro.net\/velopro\/wp-json\/wp\/v2\/comments?post=63197"}],"version-history":[{"count":0,"href":"https:\/\/cyclingpro.net\/velopro\/wp-json\/wp\/v2\/posts\/63197\/revisions"}],"wp:featuredmedia":[{"embeddable":true,"href":"https:\/\/cyclingpro.net\/velopro\/wp-json\/wp\/v2\/media\/62062"}],"wp:attachment":[{"href":"https:\/\/cyclingpro.net\/velopro\/wp-json\/wp\/v2\/media?parent=63197"}],"wp:term":[{"taxonomy":"category","embeddable":true,"href":"https:\/\/cyclingpro.net\/velopro\/wp-json\/wp\/v2\/categories?post=63197"},{"taxonomy":"post_tag","embeddable":true,"href":"https:\/\/cyclingpro.net\/velopro\/wp-json\/wp\/v2\/tags?post=63197"}],"curies":[{"name":"wp","href":"https:\/\/api.w.org\/{rel}","templated":true}]}}