{"id":63166,"date":"2018-03-31T09:31:46","date_gmt":"2018-03-31T07:31:46","guid":{"rendered":"http:\/\/cyclingpro.net\/velopro\/?p=63166"},"modified":"2018-04-02T11:43:21","modified_gmt":"2018-04-02T09:43:21","slug":"le-cas-chris-froome-regle-apres-le-tour-de-france","status":"publish","type":"post","link":"https:\/\/cyclingpro.net\/velopro\/route\/le-cas-chris-froome-regle-apres-le-tour-de-france\/","title":{"rendered":"Le cas Chris Froome r\u00e9gl\u00e9 apr\u00e8s le tour de France?"},"content":{"rendered":"<p>D&rsquo;apr\u00e8s les informations du journal Le Monde, Chris Froome pourrait \u00eatre au d\u00e9part du Tour de France 2018, une source proche du dossier ayant indiqu\u00e9 que la d\u00e9icison \u00ab\u00a0<em>ne sera pas prise avant le Giro. Il y a une petite chance que cela soit le cas avant le Tour de France.<\/em>\u00a0\u00bb<br \/>\nCette m\u00eame source pr\u00e9cise que, contrairement \u00e0 ce qu&rsquo;il indique publiquement, le clan Chris Froome ne serait pas enclin \u00e0 faire avancer le dossier rapidement: \u00ab\u00a0<em>Pour l\u2019instant, tout joue \u00e0 son avantage. Son but, c\u2019est que cela tra\u00eene jusqu\u2019au-del\u00e0 du Tour\u00a0\u00bb.<br \/>\n<\/em>Cela pourrait donc indiquer que Chris Froome pourrait ainsi disputer ses deux r\u00e9els objectifs de la saison, le Tour d&rsquo;Italie et le Tour de France.<\/p>\n","protected":false},"excerpt":{"rendered":"<p>D&rsquo;apr\u00e8s les informations du journal Le Monde, Chris Froome pourrait \u00eatre au d\u00e9part du Tour de France 2018, une source proche du dossier ayant indiqu\u00e9 que la d\u00e9icison \u00ab\u00a0ne sera pas prise avant le Giro. Il y a une petite chance que cela soit le cas avant le Tour de France.\u00a0\u00bb Cette m\u00eame source pr\u00e9cise &hellip;<\/p>\n","protected":false},"author":13,"featured_media":55378,"comment_status":"open","ping_status":"open","sticky":false,"template":"","format":"standard","meta":{"footnotes":""},"categories":[12,15,1],"tags":[],"class_list":["post-63166","post","type-post","status-publish","format-standard","has-post-thumbnail","hentry","category-non-classe","category-route","category-uncategorized"],"_links":{"self":[{"href":"https:\/\/cyclingpro.net\/velopro\/wp-json\/wp\/v2\/posts\/63166","targetHints":{"allow":["GET"]}}],"collection":[{"href":"https:\/\/cyclingpro.net\/velopro\/wp-json\/wp\/v2\/posts"}],"about":[{"href":"https:\/\/cyclingpro.net\/velopro\/wp-json\/wp\/v2\/types\/post"}],"author":[{"embeddable":true,"href":"https:\/\/cyclingpro.net\/velopro\/wp-json\/wp\/v2\/users\/13"}],"replies":[{"embeddable":true,"href":"https:\/\/cyclingpro.net\/velopro\/wp-json\/wp\/v2\/comments?post=63166"}],"version-history":[{"count":0,"href":"https:\/\/cyclingpro.net\/velopro\/wp-json\/wp\/v2\/posts\/63166\/revisions"}],"wp:featuredmedia":[{"embeddable":true,"href":"https:\/\/cyclingpro.net\/velopro\/wp-json\/wp\/v2\/media\/55378"}],"wp:attachment":[{"href":"https:\/\/cyclingpro.net\/velopro\/wp-json\/wp\/v2\/media?parent=63166"}],"wp:term":[{"taxonomy":"category","embeddable":true,"href":"https:\/\/cyclingpro.net\/velopro\/wp-json\/wp\/v2\/categories?post=63166"},{"taxonomy":"post_tag","embeddable":true,"href":"https:\/\/cyclingpro.net\/velopro\/wp-json\/wp\/v2\/tags?post=63166"}],"curies":[{"name":"wp","href":"https:\/\/api.w.org\/{rel}","templated":true}]}}