{"id":62715,"date":"2018-03-27T17:39:47","date_gmt":"2018-03-27T15:39:47","guid":{"rendered":"http:\/\/cyclingpro.net\/velopro\/?p=62715"},"modified":"2018-03-27T17:40:51","modified_gmt":"2018-03-27T15:40:51","slug":"changement-de-posture-pour-robert-gesink","status":"publish","type":"post","link":"https:\/\/cyclingpro.net\/velopro\/infirmerie\/changement-de-posture-pour-robert-gesink\/","title":{"rendered":"Changement de posture pour Robert Gesink"},"content":{"rendered":"<p>Align\u00e9 au d\u00e9part du Tour de Catalogne, Robert Gesink avait abandonn\u00e9 lors de la deuxi\u00e8me \u00e9tape \u00e0 cause d&rsquo;une douleur persistante au genou, ne voulant alors prendre aucun risque. Apr\u00e8s quelques jours de repos, le coureur n\u00e9erlandais a pass\u00e9 des examens biom\u00e9caniques qui ont permis de trouver une solution.<br \/>\nIl s&rsquo;av\u00e8re que suite \u00e0 la fracture d&rsquo;une vert\u00e8bre, remontant au dernier Tour de France, la position de Gesink a l\u00e9g\u00e8rement chang\u00e9 sur sa machine. Les r\u00e9cents examens ont permis de corriger cette mauvaise posture.<\/p>\n<p>Le probl\u00e8me semble donc \u00eatre derri\u00e8re le membre de l&rsquo;\u00e9quipe LottoNL-Jumbo, qui n&rsquo;a pas \u00e9t\u00e9 \u00e9pargn\u00e9 par les probl\u00e8mes de sant\u00e9 ces derni\u00e8res ann\u00e9es. Il en t\u00e9moigne sur son compte Twitter : <em>\u00ab\u00a0Trois jours sans douleur au genou, je commence \u00e0 penser que le probl\u00e8me est r\u00e9solu !\u00a0\u00bb\u00a0<\/em>Robert Gesink va maintenant pouvoir se concentrer sereinement sur sa pr\u00e9paration pour les classiques ardennaises et le Giro d&rsquo;Italia.<\/p>\n","protected":false},"excerpt":{"rendered":"<p>Align\u00e9 au d\u00e9part du Tour de Catalogne, Robert Gesink avait abandonn\u00e9 lors de la deuxi\u00e8me \u00e9tape \u00e0 cause d&rsquo;une douleur persistante au genou, ne voulant alors prendre aucun risque. Apr\u00e8s quelques jours de repos, le coureur n\u00e9erlandais a pass\u00e9 des examens biom\u00e9caniques qui ont permis de trouver une solution. Il s&rsquo;av\u00e8re que suite \u00e0 la &hellip;<\/p>\n","protected":false},"author":12,"featured_media":29293,"comment_status":"open","ping_status":"open","sticky":false,"template":"","format":"standard","meta":{"footnotes":""},"categories":[12,41,15,19],"tags":[],"class_list":["post-62715","post","type-post","status-publish","format-standard","has-post-thumbnail","hentry","category-non-classe","category-infirmerie","category-route","category-worldtour"],"_links":{"self":[{"href":"https:\/\/cyclingpro.net\/velopro\/wp-json\/wp\/v2\/posts\/62715","targetHints":{"allow":["GET"]}}],"collection":[{"href":"https:\/\/cyclingpro.net\/velopro\/wp-json\/wp\/v2\/posts"}],"about":[{"href":"https:\/\/cyclingpro.net\/velopro\/wp-json\/wp\/v2\/types\/post"}],"author":[{"embeddable":true,"href":"https:\/\/cyclingpro.net\/velopro\/wp-json\/wp\/v2\/users\/12"}],"replies":[{"embeddable":true,"href":"https:\/\/cyclingpro.net\/velopro\/wp-json\/wp\/v2\/comments?post=62715"}],"version-history":[{"count":0,"href":"https:\/\/cyclingpro.net\/velopro\/wp-json\/wp\/v2\/posts\/62715\/revisions"}],"wp:featuredmedia":[{"embeddable":true,"href":"https:\/\/cyclingpro.net\/velopro\/wp-json\/wp\/v2\/media\/29293"}],"wp:attachment":[{"href":"https:\/\/cyclingpro.net\/velopro\/wp-json\/wp\/v2\/media?parent=62715"}],"wp:term":[{"taxonomy":"category","embeddable":true,"href":"https:\/\/cyclingpro.net\/velopro\/wp-json\/wp\/v2\/categories?post=62715"},{"taxonomy":"post_tag","embeddable":true,"href":"https:\/\/cyclingpro.net\/velopro\/wp-json\/wp\/v2\/tags?post=62715"}],"curies":[{"name":"wp","href":"https:\/\/api.w.org\/{rel}","templated":true}]}}