{"id":61858,"date":"2018-03-23T14:12:55","date_gmt":"2018-03-23T13:12:55","guid":{"rendered":"http:\/\/cyclingpro.net\/velopro\/?p=61858"},"modified":"2018-03-23T14:19:34","modified_gmt":"2018-03-23T13:19:34","slug":"anthony-turgis-et-dimitri-claeys-indisponibles-plusieurs-semaines","status":"publish","type":"post","link":"https:\/\/cyclingpro.net\/velopro\/infirmerie\/anthony-turgis-et-dimitri-claeys-indisponibles-plusieurs-semaines\/","title":{"rendered":"Anthony Turgis et Dimitri Claeys indisponibles plusieurs semaines"},"content":{"rendered":"<p style=\"text-align: justify;\"><em>\u00ab\u00a0Le sort s\u2019acharne sur Cofidis Solutions Cr\u00e9dits depuis plusieurs semaines\u00a0\u00bb<\/em>, regrette le manager g\u00e9n\u00e9ral C\u00e9dric Vasseur, dans un communiqu\u00e9 de l&rsquo;\u00e9quipe nordiste publi\u00e9 ce vendredi. Car si Christophe Laporte a permis \u00e0 la structure de bien lancer sa saison, avec trois victoires dans le sud de la France en f\u00e9vrier, d&rsquo;autres coureurs ont eu bien moins de r\u00e9ussite. En premier lieu, Nacer Bouhanni, figure de proue de la Cofidis, en proie \u00e0 une bronchite persistance depuis Paris-Nice. Mais le Vosgien n&rsquo;est pas le seul \u00e0 avoir subi des p\u00e9pins de sant\u00e9 depuis le d\u00e9but de l&rsquo;ann\u00e9e 2018.<\/p>\n<p style=\"text-align: justify;\"><em>\u00ab\u00a0Nous sommes d\u00e9sol\u00e9s de ne pouvoir aligner tous nos meilleurs atouts sur les courses<\/em>, ajoute Vasseur. <em>Nous parons au plus press\u00e9 mais il est vrai que notre t\u00e2che est rendue encore plus d\u00e9licate au fil des jours. Suite \u00e0 sa chute dans le final de Milan-San Remo, Anthony Turgis, appel\u00e9 \u00e0 jouer les premiers r\u00f4les dans les courses flandriennes, est indisponible pour une dur\u00e9e de 4 \u00e0 5 semaines. Sa fracture de la clavicule gauche a \u00e9t\u00e9 r\u00e9duite lors d\u2019une op\u00e9ration effectu\u00e9e cette semaine \u00e0 Paris. De son c\u00f4t\u00e9, Dimitri Claeys est aussi indisponible pour une p\u00e9riode estim\u00e9e \u00e0 3 ou 4 semaines. Suite \u00e0 sa chute survenue dans le GP de Denain et apr\u00e8s son abandon aux 3 Jours de La Panne, il a pass\u00e9 des examens compl\u00e9mentaires r\u00e9v\u00e9lant une fracture du coccyx.\u00a0\u00bb<\/em><\/p>\n<p style=\"text-align: justify;\">Heureusement, quelques nouvelles positives sont \u00e9galement \u00e0 l&rsquo;ordre du jour. <em>\u00ab\u00a0Nous sommes particuli\u00e8rement heureux de pouvoir compter d\u00e8s demain sur les routes de la Classic Loire Atlantique de Luis Angel Mat\u00e9 et Julien Simon,<\/em> a conclu Vasseur. <em>Et je suis convaincu que les coureurs engag\u00e9s sur cette \u00e9preuve donneront leur meilleur.\u00a0\u00bb\u00a0<\/em><\/p>\n","protected":false},"excerpt":{"rendered":"<p>\u00ab\u00a0Le sort s\u2019acharne sur Cofidis Solutions Cr\u00e9dits depuis plusieurs semaines\u00a0\u00bb, regrette le manager g\u00e9n\u00e9ral C\u00e9dric Vasseur, dans un communiqu\u00e9 de l&rsquo;\u00e9quipe nordiste publi\u00e9 ce vendredi. Car si Christophe Laporte a permis \u00e0 la structure de bien lancer sa saison, avec trois victoires dans le sud de la France en f\u00e9vrier, d&rsquo;autres coureurs ont eu bien &hellip;<\/p>\n","protected":false},"author":5,"featured_media":61866,"comment_status":"open","ping_status":"open","sticky":false,"template":"","format":"standard","meta":{"footnotes":""},"categories":[11,41],"tags":[],"class_list":["post-61858","post","type-post","status-publish","format-standard","has-post-thumbnail","hentry","category-news-niveau-2","category-infirmerie"],"_links":{"self":[{"href":"https:\/\/cyclingpro.net\/velopro\/wp-json\/wp\/v2\/posts\/61858","targetHints":{"allow":["GET"]}}],"collection":[{"href":"https:\/\/cyclingpro.net\/velopro\/wp-json\/wp\/v2\/posts"}],"about":[{"href":"https:\/\/cyclingpro.net\/velopro\/wp-json\/wp\/v2\/types\/post"}],"author":[{"embeddable":true,"href":"https:\/\/cyclingpro.net\/velopro\/wp-json\/wp\/v2\/users\/5"}],"replies":[{"embeddable":true,"href":"https:\/\/cyclingpro.net\/velopro\/wp-json\/wp\/v2\/comments?post=61858"}],"version-history":[{"count":0,"href":"https:\/\/cyclingpro.net\/velopro\/wp-json\/wp\/v2\/posts\/61858\/revisions"}],"wp:featuredmedia":[{"embeddable":true,"href":"https:\/\/cyclingpro.net\/velopro\/wp-json\/wp\/v2\/media\/61866"}],"wp:attachment":[{"href":"https:\/\/cyclingpro.net\/velopro\/wp-json\/wp\/v2\/media?parent=61858"}],"wp:term":[{"taxonomy":"category","embeddable":true,"href":"https:\/\/cyclingpro.net\/velopro\/wp-json\/wp\/v2\/categories?post=61858"},{"taxonomy":"post_tag","embeddable":true,"href":"https:\/\/cyclingpro.net\/velopro\/wp-json\/wp\/v2\/tags?post=61858"}],"curies":[{"name":"wp","href":"https:\/\/api.w.org\/{rel}","templated":true}]}}