{"id":60224,"date":"2018-03-17T10:52:55","date_gmt":"2018-03-17T09:52:55","guid":{"rendered":"http:\/\/cyclingpro.net\/velopro\/?p=60224"},"modified":"2018-03-17T11:11:59","modified_gmt":"2018-03-17T10:11:59","slug":"michael-matthews-jai-vraiment-eu-une-mauvaise-preparation","status":"publish","type":"post","link":"https:\/\/cyclingpro.net\/velopro\/course\/milano-sanremo\/michael-matthews-jai-vraiment-eu-une-mauvaise-preparation\/","title":{"rendered":"Michael Matthews : \u00ab\u00a0J\u2019ai vraiment eu une mauvaise pr\u00e9paration\u00a0\u00bb"},"content":{"rendered":"<p style=\"text-align: justify;\">Michael Matthews dispose assur\u00e9ment du pedigree, mais peut-\u00eatre pas du fond n\u00e9cessaire, pour remporter Milan-Sanremo cette saison. Le coureur australien n&rsquo;a disput\u00e9 qu&rsquo;un seul jour de course en 2019, \u00e0 l&rsquo;occasion de l&rsquo;Omloop Het Nieuwsblad, qu&rsquo;il n&rsquo;a m\u00eame pas conclu en raison d&rsquo;une chute et d&rsquo;une blessure \u00e0 l&rsquo;\u00e9paule. Le troisi\u00e8me de l&rsquo;\u00e9dition 2015 de la Primavera s&rsquo;est donc pr\u00e9sent\u00e9 ce matin au d\u00e9part \u00e0 Milan sans v\u00e9ritable rep\u00e8re et, de fait, sans nulle pression.\u00a0<em>\u00ab\u00a0Je suis simplement content d\u2019\u00eatre de retour en course, vraiment<\/em>, a-t-il d\u00e9clar\u00e9 aupr\u00e8s des journalistes dont Cyclingpro.net apr\u00e8s avoir sign\u00e9 la feuille de d\u00e9part.<em> Apr\u00e8s ma chute et mon \u00e9paule fractur\u00e9e sur l\u2019Omloop Het Nieuwsblad, j&rsquo;ai pass\u00e9 des semaines tr\u00e8s compliqu\u00e9es. Je n\u2019\u00e9tais plus en forme, j\u2019ai du me reposer et retravailler en vue de Milan-Sanremo. Je ne sais pas si je pourrai \u00eatre avec les meilleurs. Si je prends du plaisir aujourd\u2019hui, je peux faire un joli truc et faire de mon mieux. Mais comme je l\u2019ai dit, il n\u2019y a aucune pression sur moi aujourd\u2019hui. J\u2019ai vraiment eu une mauvaise pr\u00e9paration pour cette course. Ce qui est bien, c\u2019est que nous avons plusieurs options. Avec une m\u00e9t\u00e9o comme aujourd\u2019hui, on ne sait jamais ce qu\u2019il va se passer. On va jouer nos cartes et nous verrons bien.\u00a0\u00bb<\/em><\/p>\n<p><span class=\"cljO586bPvehEYzS80bayNJ7aSUkNdgVRWsouRD1HUq3yfF24ojJBuvQm2XDrhBPAtiITcpWpZw64qtCInd91xeXLLZ\"><iframe loading=\"lazy\" title=\"Michael Matthews - Interview before the race - Milan-Sanremo 2018\" width=\"500\" height=\"281\" src=\"https:\/\/www.youtube.com\/embed\/T9OdwSJNu1k?feature=oembed\" frameborder=\"0\" allow=\"accelerometer; autoplay; clipboard-write; encrypted-media; gyroscope; picture-in-picture; web-share\" referrerpolicy=\"strict-origin-when-cross-origin\" allowfullscreen><\/iframe><\/span><\/p>\n","protected":false},"excerpt":{"rendered":"<p>Michael Matthews dispose assur\u00e9ment du pedigree, mais peut-\u00eatre pas du fond n\u00e9cessaire, pour remporter Milan-Sanremo cette saison. Le coureur australien n&rsquo;a disput\u00e9 qu&rsquo;un seul jour de course en 2019, \u00e0 l&rsquo;occasion de l&rsquo;Omloop Het Nieuwsblad, qu&rsquo;il n&rsquo;a m\u00eame pas conclu en raison d&rsquo;une chute et d&rsquo;une blessure \u00e0 l&rsquo;\u00e9paule. Le troisi\u00e8me de l&rsquo;\u00e9dition 2015 de &hellip;<\/p>\n","protected":false},"author":5,"featured_media":60227,"comment_status":"open","ping_status":"open","sticky":false,"template":"","format":"standard","meta":{"footnotes":""},"categories":[11,83,15],"tags":[],"class_list":["post-60224","post","type-post","status-publish","format-standard","has-post-thumbnail","hentry","category-news-niveau-2","category-milano-sanremo","category-route"],"_links":{"self":[{"href":"https:\/\/cyclingpro.net\/velopro\/wp-json\/wp\/v2\/posts\/60224","targetHints":{"allow":["GET"]}}],"collection":[{"href":"https:\/\/cyclingpro.net\/velopro\/wp-json\/wp\/v2\/posts"}],"about":[{"href":"https:\/\/cyclingpro.net\/velopro\/wp-json\/wp\/v2\/types\/post"}],"author":[{"embeddable":true,"href":"https:\/\/cyclingpro.net\/velopro\/wp-json\/wp\/v2\/users\/5"}],"replies":[{"embeddable":true,"href":"https:\/\/cyclingpro.net\/velopro\/wp-json\/wp\/v2\/comments?post=60224"}],"version-history":[{"count":0,"href":"https:\/\/cyclingpro.net\/velopro\/wp-json\/wp\/v2\/posts\/60224\/revisions"}],"wp:featuredmedia":[{"embeddable":true,"href":"https:\/\/cyclingpro.net\/velopro\/wp-json\/wp\/v2\/media\/60227"}],"wp:attachment":[{"href":"https:\/\/cyclingpro.net\/velopro\/wp-json\/wp\/v2\/media?parent=60224"}],"wp:term":[{"taxonomy":"category","embeddable":true,"href":"https:\/\/cyclingpro.net\/velopro\/wp-json\/wp\/v2\/categories?post=60224"},{"taxonomy":"post_tag","embeddable":true,"href":"https:\/\/cyclingpro.net\/velopro\/wp-json\/wp\/v2\/tags?post=60224"}],"curies":[{"name":"wp","href":"https:\/\/api.w.org\/{rel}","templated":true}]}}