{"id":60174,"date":"2018-03-16T22:19:26","date_gmt":"2018-03-16T21:19:26","guid":{"rendered":"http:\/\/cyclingpro.net\/velopro\/?p=60174"},"modified":"2018-03-16T22:26:42","modified_gmt":"2018-03-16T21:26:42","slug":"tour-de-catalogne-lotto-soudal-sans-tim-wellens","status":"publish","type":"post","link":"https:\/\/cyclingpro.net\/velopro\/course\/volta-a-catalunya\/tour-de-catalogne-lotto-soudal-sans-tim-wellens\/","title":{"rendered":"Tour de Catalogne : Lotto-Soudal sans Tim Wellens"},"content":{"rendered":"<p>Alors qu&rsquo;il devait mener la s\u00e9lection Lotto &#8211; Soudal sur le Tour de Catalogne \u00e0 partir de lundi prochain (19-25 mars), Tim Wellens n&rsquo;en sera finalement pas. Le Belge, cinqui\u00e8me du dernier Paris-Nice est tomb\u00e9 malade dans la foul\u00e9e et n&rsquo;est pas encore suffisamment remis. Sans Wellens, l&rsquo;\u00e9quipe Lotto &#8211; Soudal devrait \u00eatre plus port\u00e9e sur l&rsquo;offensive avec deux vainqueurs d&rsquo;\u00e9tape sur les routes du dernier Tour d&rsquo;Espagne : Sander Arm\u00e9e et Thomas De Gendt, lui-m\u00eame double vainqueur d&rsquo;\u00e9tape sur le Tour de Catalogne (en 2013 et en 2016). Ce sera aussi l&rsquo;occasion de voir le jeune espoir belge Bjorg Lambrecht pour sa premi\u00e8re course en Europe de l&rsquo;ann\u00e9e.<\/p>\n<p><em><span style=\"text-decoration: underline;\">Composition de l&rsquo;\u00e9quipe Lotto &#8211; Soudal pour le Tour de Catalogne 2018 (19-25 mars) :<\/span><\/em> Sander Arm\u00e9e, Thomas De Gendt, Adam Hansen, Bjorg Lambrecht, Maxime Monfort, James Shaw, Jelle Vanendert.<\/p>\n","protected":false},"excerpt":{"rendered":"<p>Alors qu&rsquo;il devait mener la s\u00e9lection Lotto &#8211; Soudal sur le Tour de Catalogne \u00e0 partir de lundi prochain (19-25 mars), Tim Wellens n&rsquo;en sera finalement pas. Le Belge, cinqui\u00e8me du dernier Paris-Nice est tomb\u00e9 malade dans la foul\u00e9e et n&rsquo;est pas encore suffisamment remis. Sans Wellens, l&rsquo;\u00e9quipe Lotto &#8211; Soudal devrait \u00eatre plus port\u00e9e &hellip;<\/p>\n","protected":false},"author":4,"featured_media":58455,"comment_status":"open","ping_status":"open","sticky":false,"template":"","format":"standard","meta":{"footnotes":""},"categories":[11,26,15,79],"tags":[],"class_list":["post-60174","post","type-post","status-publish","format-standard","has-post-thumbnail","hentry","category-news-niveau-2","category-compositions","category-route","category-volta-a-catalunya"],"_links":{"self":[{"href":"https:\/\/cyclingpro.net\/velopro\/wp-json\/wp\/v2\/posts\/60174","targetHints":{"allow":["GET"]}}],"collection":[{"href":"https:\/\/cyclingpro.net\/velopro\/wp-json\/wp\/v2\/posts"}],"about":[{"href":"https:\/\/cyclingpro.net\/velopro\/wp-json\/wp\/v2\/types\/post"}],"author":[{"embeddable":true,"href":"https:\/\/cyclingpro.net\/velopro\/wp-json\/wp\/v2\/users\/4"}],"replies":[{"embeddable":true,"href":"https:\/\/cyclingpro.net\/velopro\/wp-json\/wp\/v2\/comments?post=60174"}],"version-history":[{"count":0,"href":"https:\/\/cyclingpro.net\/velopro\/wp-json\/wp\/v2\/posts\/60174\/revisions"}],"wp:featuredmedia":[{"embeddable":true,"href":"https:\/\/cyclingpro.net\/velopro\/wp-json\/wp\/v2\/media\/58455"}],"wp:attachment":[{"href":"https:\/\/cyclingpro.net\/velopro\/wp-json\/wp\/v2\/media?parent=60174"}],"wp:term":[{"taxonomy":"category","embeddable":true,"href":"https:\/\/cyclingpro.net\/velopro\/wp-json\/wp\/v2\/categories?post=60174"},{"taxonomy":"post_tag","embeddable":true,"href":"https:\/\/cyclingpro.net\/velopro\/wp-json\/wp\/v2\/tags?post=60174"}],"curies":[{"name":"wp","href":"https:\/\/api.w.org\/{rel}","templated":true}]}}