{"id":60001,"date":"2018-03-15T12:57:25","date_gmt":"2018-03-15T11:57:25","guid":{"rendered":"http:\/\/cyclingpro.net\/velopro\/?p=60001"},"modified":"2018-03-15T13:00:33","modified_gmt":"2018-03-15T12:00:33","slug":"amaury-capiot-il-ny-avait-rien-a-faire-contre-fabio-jakobsen","status":"publish","type":"post","link":"https:\/\/cyclingpro.net\/velopro\/course\/nokere-koerse\/amaury-capiot-il-ny-avait-rien-a-faire-contre-fabio-jakobsen\/","title":{"rendered":"Amaury Capiot : \u00ab\u00a0Il n\u2019y avait rien \u00e0 faire contre Fabio Jakobsen \u00bb"},"content":{"rendered":"<p style=\"text-align: justify;\">Comme d&rsquo;autres, Amaury Capiot a hier subi la loi du jeune N\u00e9erlandais Fabio Jakobsen, la nouvelle perle de la Quick Step Floors. Apr\u00e8s cinq top-10, mais \u00e9galement une dix-septi\u00e8me place sur l&rsquo;Omloop Het Nieuwsblad et une onzi\u00e8me sur le Samyn cette saison, le jeune sprinteur de la Sport Vlaanderen-Baloise est malgr\u00e9 tout parvenu \u00e0 accrocher son premier podium de l&rsquo;ann\u00e9e. Une jolie performance acquise sur le Nokereberg ce mercredi, et concernant laquelle il n&rsquo;\u00e9mettait pas franchement de regrets.<\/p>\n<p style=\"text-align: justify;\"><em>\u00ab\u00a0J&rsquo;ai peut-\u00eatre fait le meilleur sprint mais je suis content de ma deuxi\u00e8me place<\/em>, a-t-il lanc\u00e9 \u00e0 Sporza.\u00a0<em>J&rsquo;ai pu facilement d\u00e9border le gars de Cofidis (Hugo Hofstetter), mais contre Fabio Jakobsen, il n&rsquo;y avait rien \u00e0 faire aujourd&rsquo;hui. Dans l&rsquo;\u00e9quipe, on avait dit au briefing que si la course se terminait au sprint, on jouerait ma carte. Nous avons \u00e9t\u00e9 surpris \u00e0 quarante kilom\u00e8tres de l&rsquo;arriv\u00e9e quand nous avions personne dans le groupe de contre-attaque avec les gros bras. Il a fallu sacrifier plusieurs co\u00e9quipiers pour boucher le trou et je suis content de pouvoir un peu r\u00e9compenser leur travail avec cette deuxi\u00e8me place.\u00a0\u00bb<\/em><\/p>\n<p style=\"text-align: justify;\">R\u00e9guli\u00e8rement aux avant-postes depuis le d\u00e9but d&rsquo;ann\u00e9e, Amaury Capiot, 24 ans, compte bien entretenir sa dynamique et garder la forme aux cours des semaines \u00e0 venir, car les \u00e9ch\u00e9ances ne manquent pas. Lui en a tout particuli\u00e8rement cibl\u00e9 deux, \u00e0 savoir Gand-Wevelgem et le Grand Prix de l&rsquo;Escaut, potentiellement favorables au robuste sprinteur qu&rsquo;il est.<\/p>\n","protected":false},"excerpt":{"rendered":"<p>Comme d&rsquo;autres, Amaury Capiot a hier subi la loi du jeune N\u00e9erlandais Fabio Jakobsen, la nouvelle perle de la Quick Step Floors. Apr\u00e8s cinq top-10, mais \u00e9galement une dix-septi\u00e8me place sur l&rsquo;Omloop Het Nieuwsblad et une onzi\u00e8me sur le Samyn cette saison, le jeune sprinteur de la Sport Vlaanderen-Baloise est malgr\u00e9 tout parvenu \u00e0 accrocher &hellip;<\/p>\n","protected":false},"author":5,"featured_media":60003,"comment_status":"open","ping_status":"open","sticky":false,"template":"","format":"standard","meta":{"footnotes":""},"categories":[11,76,15],"tags":[],"class_list":["post-60001","post","type-post","status-publish","format-standard","has-post-thumbnail","hentry","category-news-niveau-2","category-nokere-koerse","category-route"],"_links":{"self":[{"href":"https:\/\/cyclingpro.net\/velopro\/wp-json\/wp\/v2\/posts\/60001","targetHints":{"allow":["GET"]}}],"collection":[{"href":"https:\/\/cyclingpro.net\/velopro\/wp-json\/wp\/v2\/posts"}],"about":[{"href":"https:\/\/cyclingpro.net\/velopro\/wp-json\/wp\/v2\/types\/post"}],"author":[{"embeddable":true,"href":"https:\/\/cyclingpro.net\/velopro\/wp-json\/wp\/v2\/users\/5"}],"replies":[{"embeddable":true,"href":"https:\/\/cyclingpro.net\/velopro\/wp-json\/wp\/v2\/comments?post=60001"}],"version-history":[{"count":0,"href":"https:\/\/cyclingpro.net\/velopro\/wp-json\/wp\/v2\/posts\/60001\/revisions"}],"wp:featuredmedia":[{"embeddable":true,"href":"https:\/\/cyclingpro.net\/velopro\/wp-json\/wp\/v2\/media\/60003"}],"wp:attachment":[{"href":"https:\/\/cyclingpro.net\/velopro\/wp-json\/wp\/v2\/media?parent=60001"}],"wp:term":[{"taxonomy":"category","embeddable":true,"href":"https:\/\/cyclingpro.net\/velopro\/wp-json\/wp\/v2\/categories?post=60001"},{"taxonomy":"post_tag","embeddable":true,"href":"https:\/\/cyclingpro.net\/velopro\/wp-json\/wp\/v2\/tags?post=60001"}],"curies":[{"name":"wp","href":"https:\/\/api.w.org\/{rel}","templated":true}]}}