{"id":59891,"date":"2018-03-14T14:39:36","date_gmt":"2018-03-14T13:39:36","guid":{"rendered":"http:\/\/cyclingpro.net\/velopro\/?p=59891"},"modified":"2018-03-14T18:36:12","modified_gmt":"2018-03-14T17:36:12","slug":"milan-san-remo-une-equipe-bmc-renforcee-autour-de-greg-van-avermaet","status":"publish","type":"post","link":"https:\/\/cyclingpro.net\/velopro\/course\/milano-sanremo\/milan-san-remo-une-equipe-bmc-renforcee-autour-de-greg-van-avermaet\/","title":{"rendered":"Milan-San Remo : Une \u00e9quipe BMC renforc\u00e9e autour de Greg Van Avermaet"},"content":{"rendered":"<p>Si une nouvelle fois l&rsquo;\u00e9quipe BMC s&rsquo;\u00e9lancera sur ce Milan-San Remo avec Greg Van Avermaet comme grand leader, la formation am\u00e9ricaine alignera un collectif sans doute plus fort que jamais avec ses deux nouvelles recrues : Simon Gerrans, vainqueur de Milan-San Remo 2012 et J\u00fcrgen Roelandts. En plus de \u00e7a, BMC pourra s&rsquo;appuyer sur le r\u00e9cent deuxi\u00e8me de Tirreno Adriatico, Damiano Caruso, en grande forme donc, et sur le sprinter Jempy Drucker.<\/p>\n<p><em><span style=\"text-decoration: underline;\">Composition de l&rsquo;\u00e9quipe BMC pour Milan-San Remo 2018 (17 mars) :<\/span><\/em> Alberto Bettiol, Damiano Caruso, Jempy Drucker, Simon Gerrans, J\u00fcrgen Roelandts, Michael Sch\u00e4r, Greg Van Avermaet.<\/p>\n","protected":false},"excerpt":{"rendered":"<p>Si une nouvelle fois l&rsquo;\u00e9quipe BMC s&rsquo;\u00e9lancera sur ce Milan-San Remo avec Greg Van Avermaet comme grand leader, la formation am\u00e9ricaine alignera un collectif sans doute plus fort que jamais avec ses deux nouvelles recrues : Simon Gerrans, vainqueur de Milan-San Remo 2012 et J\u00fcrgen Roelandts. En plus de \u00e7a, BMC pourra s&rsquo;appuyer sur le &hellip;<\/p>\n","protected":false},"author":4,"featured_media":54278,"comment_status":"open","ping_status":"open","sticky":false,"template":"","format":"standard","meta":{"footnotes":""},"categories":[11,26,83,15],"tags":[],"class_list":["post-59891","post","type-post","status-publish","format-standard","has-post-thumbnail","hentry","category-news-niveau-2","category-compositions","category-milano-sanremo","category-route"],"_links":{"self":[{"href":"https:\/\/cyclingpro.net\/velopro\/wp-json\/wp\/v2\/posts\/59891","targetHints":{"allow":["GET"]}}],"collection":[{"href":"https:\/\/cyclingpro.net\/velopro\/wp-json\/wp\/v2\/posts"}],"about":[{"href":"https:\/\/cyclingpro.net\/velopro\/wp-json\/wp\/v2\/types\/post"}],"author":[{"embeddable":true,"href":"https:\/\/cyclingpro.net\/velopro\/wp-json\/wp\/v2\/users\/4"}],"replies":[{"embeddable":true,"href":"https:\/\/cyclingpro.net\/velopro\/wp-json\/wp\/v2\/comments?post=59891"}],"version-history":[{"count":0,"href":"https:\/\/cyclingpro.net\/velopro\/wp-json\/wp\/v2\/posts\/59891\/revisions"}],"wp:featuredmedia":[{"embeddable":true,"href":"https:\/\/cyclingpro.net\/velopro\/wp-json\/wp\/v2\/media\/54278"}],"wp:attachment":[{"href":"https:\/\/cyclingpro.net\/velopro\/wp-json\/wp\/v2\/media?parent=59891"}],"wp:term":[{"taxonomy":"category","embeddable":true,"href":"https:\/\/cyclingpro.net\/velopro\/wp-json\/wp\/v2\/categories?post=59891"},{"taxonomy":"post_tag","embeddable":true,"href":"https:\/\/cyclingpro.net\/velopro\/wp-json\/wp\/v2\/tags?post=59891"}],"curies":[{"name":"wp","href":"https:\/\/api.w.org\/{rel}","templated":true}]}}