{"id":59813,"date":"2018-03-13T16:00:18","date_gmt":"2018-03-13T15:00:18","guid":{"rendered":"http:\/\/cyclingpro.net\/velopro\/?p=59813"},"modified":"2018-03-13T18:28:41","modified_gmt":"2018-03-13T17:28:41","slug":"tirreno-adriatico-rohan-dennis-gagne-le-chrono-michal-kwiatkowski-remporte-le-general","status":"publish","type":"post","link":"https:\/\/cyclingpro.net\/velopro\/course\/tirreno-adriatico\/tirreno-adriatico-rohan-dennis-gagne-le-chrono-michal-kwiatkowski-remporte-le-general\/","title":{"rendered":"Tirreno Adriatico : Rohan Dennis r\u00e9cidivie, Michal Kwiatkowski pas inqui\u00e9t\u00e9 pour le g\u00e9n\u00e9ral"},"content":{"rendered":"<p>D\u00e9j\u00e0 vainqueur l&rsquo;an pass\u00e9, Rohan Dennis (BMC) a fait mieux que Jos van Emden (LottoNL &#8211; Jumbo), deuxi\u00e8me et Jhonatan Castroviejo (Team Sky), troisi\u00e8me sur les 10,05 kilom\u00e8tres du contre-la-montre final traditionnel de San Benedetto del Tronto. Il a aussi b\u00e9n\u00e9fici\u00e9 d&rsquo;une petite complicit\u00e9 de la m\u00e9t\u00e9o puisque la pluie a fait son apparition en milieu de course. Mais l&rsquo;enjeu de cette derni\u00e8re \u00e9tape \u00e9tait principalement le classement g\u00e9n\u00e9ral. Comme pr\u00e9vu Michal Kwiatkowski (Team Sky) n&rsquo;a pas \u00e9t\u00e9 inqui\u00e9t\u00e9 et remporte ce Tirreno Adriatico 2018. Damiano Caruso (BMC) aura tout de m\u00eame bien r\u00e9sist\u00e9 et conserve la deuxi\u00e8me place pour 8 secondes face \u00e0 Geraint Thomas (Team Sky). Sky loupe le doubl\u00e9.<\/p>\n<p><strong>Classement de la 7e \u00e9tape :<\/strong><br \/>\n1. Rohan Dennis (BMC) 11&rsquo;14\u00a0\u00bb<br \/>\n2. Jos Van Emden (Lotto NL &#8211; Jumbo) +4\u00a0\u00bb<br \/>\n3. Jonathan Castroviejo (Sky) +8\u00a0\u00bb<br \/>\n4. Mads Pedersen (Trek &#8211; Segafredo) +8\u00a0\u00bb<br \/>\n5. Gianni Moscon (Sky) +12\u00a0\u00bb<br \/>\n6. Michael Hepburn (Mitchelton &#8211; Scott) +13\u00a0\u00bb<br \/>\n7. Jack Bauer (Mitchelton &#8211; Scott) +13\u00a0\u00bb<br \/>\n8. Luke Durbridge (Mitchelton &#8211; Scott) +17\u00a0\u00bb<br \/>\n9. Primoz Roglic (Lotto NL &#8211; Jumbo) +18\u00a0\u00bb<br \/>\n10. Vasil Kiryienka (Sky) +18\u00a0\u00bb<\/p>\n<p><strong>Classement g\u00e9n\u00e9ral final :<\/strong><br \/>\n1 Michal Kwiatkowski\u00a0 &#8211; (Sky) 25h 32&rsquo;56\u00a0\u00bb<br \/>\n2 Damiano Caruso &#8211; (BMC) \u00e0 24&Prime;<br \/>\n3 Geraint Thomas &#8211; (Sky) \u00e0 32&Prime;<br \/>\n4 Tiesj Benoot &#8211; (Lotto Soudal \u00e0 1&rsquo;08<br \/>\n5 Adam Yates &#8211; (Mitchelton Scott) \u00e0 1&rsquo;10<br \/>\n6 Mikel Landa &#8211; (Movistar) \u00e0 1&rsquo;13<br \/>\n7 Davide Formolo &#8211; (Bora) \u00e0 1&rsquo;15<br \/>\n8 Jaime Roson Garcia (Movistar) \u00e0 1&rsquo;15<br \/>\n9 George Bennett (LottoNL Jumbo) \u00e0 1&rsquo;18<br \/>\n10 Rigoberto\u00a0Ur\u00e1n (EF Drapac) \u00e0 1&rsquo;22<\/p>\n","protected":false},"excerpt":{"rendered":"<p>D\u00e9j\u00e0 vainqueur l&rsquo;an pass\u00e9, Rohan Dennis (BMC) a fait mieux que Jos van Emden (LottoNL &#8211; Jumbo), deuxi\u00e8me et Jhonatan Castroviejo (Team Sky), troisi\u00e8me sur les 10,05 kilom\u00e8tres du contre-la-montre final traditionnel de San Benedetto del Tronto. Il a aussi b\u00e9n\u00e9fici\u00e9 d&rsquo;une petite complicit\u00e9 de la m\u00e9t\u00e9o puisque la pluie a fait son apparition en &hellip;<\/p>\n","protected":false},"author":4,"featured_media":59837,"comment_status":"open","ping_status":"open","sticky":false,"template":"","format":"standard","meta":{"footnotes":""},"categories":[27,17,14,15,75],"tags":[],"class_list":["post-59813","post","type-post","status-publish","format-standard","has-post-thumbnail","hentry","category-gros-bloc","category-une","category-resultats","category-route","category-tirreno-adriatico"],"_links":{"self":[{"href":"https:\/\/cyclingpro.net\/velopro\/wp-json\/wp\/v2\/posts\/59813","targetHints":{"allow":["GET"]}}],"collection":[{"href":"https:\/\/cyclingpro.net\/velopro\/wp-json\/wp\/v2\/posts"}],"about":[{"href":"https:\/\/cyclingpro.net\/velopro\/wp-json\/wp\/v2\/types\/post"}],"author":[{"embeddable":true,"href":"https:\/\/cyclingpro.net\/velopro\/wp-json\/wp\/v2\/users\/4"}],"replies":[{"embeddable":true,"href":"https:\/\/cyclingpro.net\/velopro\/wp-json\/wp\/v2\/comments?post=59813"}],"version-history":[{"count":0,"href":"https:\/\/cyclingpro.net\/velopro\/wp-json\/wp\/v2\/posts\/59813\/revisions"}],"wp:featuredmedia":[{"embeddable":true,"href":"https:\/\/cyclingpro.net\/velopro\/wp-json\/wp\/v2\/media\/59837"}],"wp:attachment":[{"href":"https:\/\/cyclingpro.net\/velopro\/wp-json\/wp\/v2\/media?parent=59813"}],"wp:term":[{"taxonomy":"category","embeddable":true,"href":"https:\/\/cyclingpro.net\/velopro\/wp-json\/wp\/v2\/categories?post=59813"},{"taxonomy":"post_tag","embeddable":true,"href":"https:\/\/cyclingpro.net\/velopro\/wp-json\/wp\/v2\/tags?post=59813"}],"curies":[{"name":"wp","href":"https:\/\/api.w.org\/{rel}","templated":true}]}}