{"id":59753,"date":"2018-03-12T13:52:44","date_gmt":"2018-03-12T12:52:44","guid":{"rendered":"http:\/\/cyclingpro.net\/velopro\/?p=59753"},"modified":"2018-03-12T13:52:44","modified_gmt":"2018-03-12T12:52:44","slug":"simon-yates-a-cede-sous-la-pression-des-attaques","status":"publish","type":"post","link":"https:\/\/cyclingpro.net\/velopro\/news-niveau-2\/simon-yates-a-cede-sous-la-pression-des-attaques\/","title":{"rendered":"Simon Yates a c\u00e9d\u00e9 sous la pression des attaques"},"content":{"rendered":"<p>Grand perdant de la derni\u00e8re \u00e9tape de Paris-Nice, dimanche, Simon Yates (Mitchelton-Scott) a vu le classement g\u00e9n\u00e9ral de La Course au Soleil lui filer entre les doigts pour quatre secondes. Le Britannique, premier du g\u00e9n\u00e9ral provisoire, avait pourtant fait le plus dur en s&rsquo;imposant samedi au sommet de Valdeblore La Colmiane. Mais l&rsquo;estocade port\u00e9e par les Espagnols David De La Cruz (Team Sky), Omar Fraile (Astana) et Marc Soler (Movistar) a permis au dernier nomm\u00e9 de renverser l&rsquo;\u00e9preuve.<\/p>\n<p><em>\u00ab\u00a0C&rsquo;\u00e9tait juste un de ces jours, tr\u00e8s difficile d\u00e8s le d\u00e9part et l&rsquo;\u00e9quipe a r\u00e9alis\u00e9 un vrai bon travail\u00a0\u00bb,\u00a0<\/em>rapporte-t-il, amer, apr\u00e8s avoir franchi la ligne d&rsquo;arriv\u00e9e.\u00a0<em>\u00ab\u00a0Nous avons fait autant que nous avons pu, c&rsquo;\u00e9tait une course tr\u00e8s agressive comme nous nous y attendions.\u00a0\u00bb<\/em><\/p>\n<p>Simon Yates a surtout manqu\u00e9 le coche lorsque le futur laur\u00e9at, Marc Soler, est parti en solitaire dans la c\u00f4te de Peille, \u00e0 48 kilom\u00e8tres de l&rsquo;arriv\u00e9e.\u00a0<em>\u00ab\u00a0Il y a eu une attaque \u00e0 une longue distance de l&rsquo;arriv\u00e9e et plusieurs rivaux \u00e0 surveiller. Je ne pouvais pas voir et suivre tout le monde, alors tu dois prendre des risques parfois\u00a0\u00bb,\u00a0<\/em>explique le coureur de 25 ans, d\u00e9j\u00e0 vainqueur \u00e0 Fayence lors de Paris-Nice 2017.<\/p>\n<p>La journ\u00e9e de Mitchelton-Scott a encore \u00e9t\u00e9 ternie par la mise hors-d\u00e9lais du Colombien Esteban Chaves, encore neuvi\u00e8me du g\u00e9n\u00e9ral vendredi \u00e0 Vence.<\/p>\n","protected":false},"excerpt":{"rendered":"<p>Grand perdant de la derni\u00e8re \u00e9tape de Paris-Nice, dimanche, Simon Yates (Mitchelton-Scott) a vu le classement g\u00e9n\u00e9ral de La Course au Soleil lui filer entre les doigts pour quatre secondes. Le Britannique, premier du g\u00e9n\u00e9ral provisoire, avait pourtant fait le plus dur en s&rsquo;imposant samedi au sommet de Valdeblore La Colmiane. Mais l&rsquo;estocade port\u00e9e par &hellip;<\/p>\n","protected":false},"author":10,"featured_media":59759,"comment_status":"open","ping_status":"open","sticky":false,"template":"","format":"standard","meta":{"footnotes":""},"categories":[11,63],"tags":[],"class_list":["post-59753","post","type-post","status-publish","format-standard","has-post-thumbnail","hentry","category-news-niveau-2","category-paris-nice"],"_links":{"self":[{"href":"https:\/\/cyclingpro.net\/velopro\/wp-json\/wp\/v2\/posts\/59753","targetHints":{"allow":["GET"]}}],"collection":[{"href":"https:\/\/cyclingpro.net\/velopro\/wp-json\/wp\/v2\/posts"}],"about":[{"href":"https:\/\/cyclingpro.net\/velopro\/wp-json\/wp\/v2\/types\/post"}],"author":[{"embeddable":true,"href":"https:\/\/cyclingpro.net\/velopro\/wp-json\/wp\/v2\/users\/10"}],"replies":[{"embeddable":true,"href":"https:\/\/cyclingpro.net\/velopro\/wp-json\/wp\/v2\/comments?post=59753"}],"version-history":[{"count":0,"href":"https:\/\/cyclingpro.net\/velopro\/wp-json\/wp\/v2\/posts\/59753\/revisions"}],"wp:featuredmedia":[{"embeddable":true,"href":"https:\/\/cyclingpro.net\/velopro\/wp-json\/wp\/v2\/media\/59759"}],"wp:attachment":[{"href":"https:\/\/cyclingpro.net\/velopro\/wp-json\/wp\/v2\/media?parent=59753"}],"wp:term":[{"taxonomy":"category","embeddable":true,"href":"https:\/\/cyclingpro.net\/velopro\/wp-json\/wp\/v2\/categories?post=59753"},{"taxonomy":"post_tag","embeddable":true,"href":"https:\/\/cyclingpro.net\/velopro\/wp-json\/wp\/v2\/tags?post=59753"}],"curies":[{"name":"wp","href":"https:\/\/api.w.org\/{rel}","templated":true}]}}