{"id":59706,"date":"2018-03-11T17:39:37","date_gmt":"2018-03-11T16:39:37","guid":{"rendered":"http:\/\/cyclingpro.net\/velopro\/?p=59706"},"modified":"2018-03-11T17:45:59","modified_gmt":"2018-03-11T16:45:59","slug":"wilco-kelderman-se-fracture-la-clavicule","status":"publish","type":"post","link":"https:\/\/cyclingpro.net\/velopro\/infirmerie\/wilco-kelderman-se-fracture-la-clavicule\/","title":{"rendered":"Wilco Kelderman se fracture la clavicule"},"content":{"rendered":"<p style=\"text-align: justify;\">\u00c0 l&rsquo;instar de son co\u00e9quipier Simon Geschke, ou de son compatriote Wout Poels, Wilco Kelderman va lui aussi manquer les prochaines semaines de comp\u00e9tition en raison d&rsquo;une fracture de la clavicule. Le coureur de la Sunweb, victime de deux chutes lors de la cinqui\u00e8me \u00e9tape de Tirreno-Adriatico, ce dimanche, a pourtant fait preuve de courage pour rallier l&rsquo;arriv\u00e9e, au sein du gruppetto. Le quatri\u00e8me de la derni\u00e8re Vuelta a \u00e9t\u00e9 pris en charge apr\u00e8s avoir pass\u00e9 la ligne et le diagnostic est tomb\u00e9 en fin d&rsquo;apr\u00e8s-midi. Kelderman avait pr\u00e9vu de prendre part au Tour de Catalogne et au Tour du Pays Basque avant les Classiques Ardennaises. Tous ces rendez-vous s&rsquo;inscrivent d\u00e9sormais en pointill\u00e9s.<\/p>\n<p>La Sunweb n&rsquo;est plus repr\u00e9sent\u00e9e que par trois coureurs sur Tirreno-Adriatico puisqu&rsquo;avant Kelderman, Simon Geschke, Tom Dumoulin et Soren Kragh Andersen s&rsquo;\u00e9taient eux aussi retir\u00e9s.<\/p>\n<blockquote class=\"twitter-tweet\" data-lang=\"fr\">\n<p dir=\"ltr\" lang=\"en\">We&rsquo;re sad to report that following a crash during today&rsquo;s <a href=\"https:\/\/twitter.com\/hashtag\/TirrenoAdriatico?src=hash&amp;ref_src=twsrc%5Etfw\">#TirrenoAdriatico<\/a> stage, <a href=\"https:\/\/twitter.com\/W1lcokelderman?ref_src=twsrc%5Etfw\">@W1lcokelderman<\/a> has fractured his right collarbone and is forced to abandon the race. Speedy recovery, Wilco! <a href=\"https:\/\/t.co\/a6qrYQedzx\">pic.twitter.com\/a6qrYQedzx<\/a><\/p>\n<p>\u2014 Team Sunweb (@TeamSunweb) <a href=\"https:\/\/twitter.com\/TeamSunweb\/status\/972871209275854849?ref_src=twsrc%5Etfw\">11 mars 2018<\/a><\/p><\/blockquote>\n<p><script async src=\"https:\/\/platform.twitter.com\/widgets.js\" charset=\"utf-8\"><\/script><\/p>\n","protected":false},"excerpt":{"rendered":"<p>\u00c0 l&rsquo;instar de son co\u00e9quipier Simon Geschke, ou de son compatriote Wout Poels, Wilco Kelderman va lui aussi manquer les prochaines semaines de comp\u00e9tition en raison d&rsquo;une fracture de la clavicule. Le coureur de la Sunweb, victime de deux chutes lors de la cinqui\u00e8me \u00e9tape de Tirreno-Adriatico, ce dimanche, a pourtant fait preuve de courage &hellip;<\/p>\n","protected":false},"author":5,"featured_media":59716,"comment_status":"open","ping_status":"open","sticky":false,"template":"","format":"standard","meta":{"footnotes":""},"categories":[11,41,15],"tags":[],"class_list":["post-59706","post","type-post","status-publish","format-standard","has-post-thumbnail","hentry","category-news-niveau-2","category-infirmerie","category-route"],"_links":{"self":[{"href":"https:\/\/cyclingpro.net\/velopro\/wp-json\/wp\/v2\/posts\/59706","targetHints":{"allow":["GET"]}}],"collection":[{"href":"https:\/\/cyclingpro.net\/velopro\/wp-json\/wp\/v2\/posts"}],"about":[{"href":"https:\/\/cyclingpro.net\/velopro\/wp-json\/wp\/v2\/types\/post"}],"author":[{"embeddable":true,"href":"https:\/\/cyclingpro.net\/velopro\/wp-json\/wp\/v2\/users\/5"}],"replies":[{"embeddable":true,"href":"https:\/\/cyclingpro.net\/velopro\/wp-json\/wp\/v2\/comments?post=59706"}],"version-history":[{"count":0,"href":"https:\/\/cyclingpro.net\/velopro\/wp-json\/wp\/v2\/posts\/59706\/revisions"}],"wp:featuredmedia":[{"embeddable":true,"href":"https:\/\/cyclingpro.net\/velopro\/wp-json\/wp\/v2\/media\/59716"}],"wp:attachment":[{"href":"https:\/\/cyclingpro.net\/velopro\/wp-json\/wp\/v2\/media?parent=59706"}],"wp:term":[{"taxonomy":"category","embeddable":true,"href":"https:\/\/cyclingpro.net\/velopro\/wp-json\/wp\/v2\/categories?post=59706"},{"taxonomy":"post_tag","embeddable":true,"href":"https:\/\/cyclingpro.net\/velopro\/wp-json\/wp\/v2\/tags?post=59706"}],"curies":[{"name":"wp","href":"https:\/\/api.w.org\/{rel}","templated":true}]}}