{"id":59690,"date":"2018-03-11T16:58:44","date_gmt":"2018-03-11T15:58:44","guid":{"rendered":"http:\/\/cyclingpro.net\/velopro\/?p=59690"},"modified":"2018-03-11T17:24:57","modified_gmt":"2018-03-11T16:24:57","slug":"paris-troyes-adrien-petit-ouvre-son-compteur","status":"publish","type":"post","link":"https:\/\/cyclingpro.net\/velopro\/news-niveau-2\/paris-troyes-adrien-petit-ouvre-son-compteur\/","title":{"rendered":"Paris-Troyes : Adrien Petit ouvre son compteur"},"content":{"rendered":"<p style=\"text-align: justify;\">Adrien Petit a mis \u00e0 profit sa pointe de vitesse, ce dimanche, sur Paris-Troyes, pour d\u00e9crocher son premier succ\u00e8s de la saison. Le coureur de Direct Energie a ainsi remport\u00e9 l&#8217;emballage massif qui conclut traditionnellement l&rsquo;\u00e9preuve de classe 2 et succ\u00e8de \u00e0 Yannis Yssaad au palmar\u00e8s. Lorrenzo Manzin (Vital Concept) et Damien Touze (St Michel-Auber 93) ont compl\u00e9t\u00e9 le podium au terme des 180 kilom\u00e8tres de course.<\/p>\n<p><em>Plus d&rsquo;informations \u00e0 venir&#8230;<\/em><\/p>\n","protected":false},"excerpt":{"rendered":"<p>Adrien Petit a mis \u00e0 profit sa pointe de vitesse, ce dimanche, sur Paris-Troyes, pour d\u00e9crocher son premier succ\u00e8s de la saison. Le coureur de Direct Energie a ainsi remport\u00e9 l&#8217;emballage massif qui conclut traditionnellement l&rsquo;\u00e9preuve de classe 2 et succ\u00e8de \u00e0 Yannis Yssaad au palmar\u00e8s. Lorrenzo Manzin (Vital Concept) et Damien Touze (St Michel-Auber &hellip;<\/p>\n","protected":false},"author":5,"featured_media":56416,"comment_status":"open","ping_status":"open","sticky":false,"template":"","format":"standard","meta":{"footnotes":""},"categories":[11,14,15],"tags":[],"class_list":["post-59690","post","type-post","status-publish","format-standard","has-post-thumbnail","hentry","category-news-niveau-2","category-resultats","category-route"],"_links":{"self":[{"href":"https:\/\/cyclingpro.net\/velopro\/wp-json\/wp\/v2\/posts\/59690","targetHints":{"allow":["GET"]}}],"collection":[{"href":"https:\/\/cyclingpro.net\/velopro\/wp-json\/wp\/v2\/posts"}],"about":[{"href":"https:\/\/cyclingpro.net\/velopro\/wp-json\/wp\/v2\/types\/post"}],"author":[{"embeddable":true,"href":"https:\/\/cyclingpro.net\/velopro\/wp-json\/wp\/v2\/users\/5"}],"replies":[{"embeddable":true,"href":"https:\/\/cyclingpro.net\/velopro\/wp-json\/wp\/v2\/comments?post=59690"}],"version-history":[{"count":0,"href":"https:\/\/cyclingpro.net\/velopro\/wp-json\/wp\/v2\/posts\/59690\/revisions"}],"wp:featuredmedia":[{"embeddable":true,"href":"https:\/\/cyclingpro.net\/velopro\/wp-json\/wp\/v2\/media\/56416"}],"wp:attachment":[{"href":"https:\/\/cyclingpro.net\/velopro\/wp-json\/wp\/v2\/media?parent=59690"}],"wp:term":[{"taxonomy":"category","embeddable":true,"href":"https:\/\/cyclingpro.net\/velopro\/wp-json\/wp\/v2\/categories?post=59690"},{"taxonomy":"post_tag","embeddable":true,"href":"https:\/\/cyclingpro.net\/velopro\/wp-json\/wp\/v2\/tags?post=59690"}],"curies":[{"name":"wp","href":"https:\/\/api.w.org\/{rel}","templated":true}]}}