{"id":57688,"date":"2018-03-03T23:43:14","date_gmt":"2018-03-03T22:43:14","guid":{"rendered":"http:\/\/cyclingpro.net\/velopro\/?p=57688"},"modified":"2018-03-04T07:14:02","modified_gmt":"2018-03-04T06:14:02","slug":"grand-prix-de-denain-liste-equipes","status":"publish","type":"post","link":"https:\/\/cyclingpro.net\/velopro\/course\/grand-prix-de-denain\/grand-prix-de-denain-liste-equipes\/","title":{"rendered":"Grand Prix de Denain : La liste des \u00e9quipes"},"content":{"rendered":"<p>Malgr\u00e9 un parcours fortement remani\u00e9 qui devrait offrir un grand spectacle (<a href=\"http:\/\/cyclingpro.net\/velopro\/course\/grand-prix-de-denain\/12-secteurs-214km-de-paves-grand-prix-de-denain\/\">lire ici<\/a>), le Grand Prix de Denain (18 mars) n&rsquo;a pas r\u00e9ussi \u00e0 convaincre beaucoup d&rsquo;\u00e9quipes WorldTour. Dommage pour une \u00e9preuve qui donnait une occasion unique de s&rsquo;entra\u00eener sur les pav\u00e9s en vue de la neuvi\u00e8me \u00e9tape du prochain Tour de France. Il faudra sans doute \u00e0 l&rsquo;\u00e9preuve nordiste un peu de temps pour prouver sa valeur mais avec le parcours propos\u00e9 et ses 20 kilom\u00e8tres de pav\u00e9s, nul doute que la sauce prendra. Et m\u00eame avec seulement trois \u00e9quipes WorldTour, le spectacle devrait d\u00e9j\u00e0 \u00eatre au rendez-vous cette ann\u00e9e. Le superbe sc\u00e9nario du dernier Samyn, et m\u00eame de ses trois pr\u00e9c\u00e9dentes \u00e9ditions, est l\u00e0 pour le prouver.<\/p>\n<p>Rappelons \u00e9galement que le triple Champion du Monde de cyclo-cross, Wout van Aert (V\u00e9randas Willems &#8211; Crelan), est annonc\u00e9 au d\u00e9part.<\/p>\n<p><strong>Equipes WorldTour (3) :<\/strong><br \/>\nAG2R La Mondiale<br \/>\nBMC<br \/>\nGroupama &#8211; FDJ<\/p>\n<p><strong>Equipes Continentales Pro (15) :<\/strong><br \/>\nAqua Blue Sport<br \/>\nCCC &#8211; Sprandi &#8211; Polkowice<br \/>\nCofidis<br \/>\nDelko &#8211; Marseille Provence &#8211; KTM<br \/>\nDirect Energie<br \/>\nFortuneo &#8211; Samsic<br \/>\nGazprom Rusvelo<br \/>\nIsrael Cycling Academy<br \/>\nRoompot &#8211; Nederlandse Loterij<br \/>\nSport Vlaanderen &#8211; Baloise<br \/>\nUnitedHealthcare<br \/>\nV\u00e9randas Willems &#8211; Crelan<br \/>\nVital Concept<br \/>\nWanty &#8211; Groupe Gobert<br \/>\nWB &#8211; Aqua Protect &#8211; Veranclassic<\/p>\n<p><strong>Equipes Continentales (4) :<\/strong><br \/>\nRoubaix &#8211; Lille M\u00e9tropole<br \/>\nSaint Michel &#8211; Auber93<br \/>\nSovac &#8211; Natura4Ever<br \/>\nTarteletto &#8211; Isorex<\/p>\n","protected":false},"excerpt":{"rendered":"<p>Malgr\u00e9 un parcours fortement remani\u00e9 qui devrait offrir un grand spectacle (lire ici), le Grand Prix de Denain (18 mars) n&rsquo;a pas r\u00e9ussi \u00e0 convaincre beaucoup d&rsquo;\u00e9quipes WorldTour. Dommage pour une \u00e9preuve qui donnait une occasion unique de s&rsquo;entra\u00eener sur les pav\u00e9s en vue de la neuvi\u00e8me \u00e9tape du prochain Tour de France. Il faudra &hellip;<\/p>\n","protected":false},"author":4,"featured_media":57690,"comment_status":"open","ping_status":"open","sticky":false,"template":"","format":"standard","meta":{"footnotes":""},"categories":[11,40,15,16],"tags":[],"class_list":["post-57688","post","type-post","status-publish","format-standard","has-post-thumbnail","hentry","category-news-niveau-2","category-grand-prix-de-denain","category-route","category-startlist"],"_links":{"self":[{"href":"https:\/\/cyclingpro.net\/velopro\/wp-json\/wp\/v2\/posts\/57688","targetHints":{"allow":["GET"]}}],"collection":[{"href":"https:\/\/cyclingpro.net\/velopro\/wp-json\/wp\/v2\/posts"}],"about":[{"href":"https:\/\/cyclingpro.net\/velopro\/wp-json\/wp\/v2\/types\/post"}],"author":[{"embeddable":true,"href":"https:\/\/cyclingpro.net\/velopro\/wp-json\/wp\/v2\/users\/4"}],"replies":[{"embeddable":true,"href":"https:\/\/cyclingpro.net\/velopro\/wp-json\/wp\/v2\/comments?post=57688"}],"version-history":[{"count":0,"href":"https:\/\/cyclingpro.net\/velopro\/wp-json\/wp\/v2\/posts\/57688\/revisions"}],"wp:featuredmedia":[{"embeddable":true,"href":"https:\/\/cyclingpro.net\/velopro\/wp-json\/wp\/v2\/media\/57690"}],"wp:attachment":[{"href":"https:\/\/cyclingpro.net\/velopro\/wp-json\/wp\/v2\/media?parent=57688"}],"wp:term":[{"taxonomy":"category","embeddable":true,"href":"https:\/\/cyclingpro.net\/velopro\/wp-json\/wp\/v2\/categories?post=57688"},{"taxonomy":"post_tag","embeddable":true,"href":"https:\/\/cyclingpro.net\/velopro\/wp-json\/wp\/v2\/tags?post=57688"}],"curies":[{"name":"wp","href":"https:\/\/api.w.org\/{rel}","templated":true}]}}