{"id":57378,"date":"2018-03-02T10:09:31","date_gmt":"2018-03-02T09:09:31","guid":{"rendered":"http:\/\/cyclingpro.net\/velopro\/?p=57378"},"modified":"2018-03-02T10:27:22","modified_gmt":"2018-03-02T09:27:22","slug":"nokere-koerse-se-corse-plus-de-paves","status":"publish","type":"post","link":"https:\/\/cyclingpro.net\/velopro\/course\/nokere-koerse\/nokere-koerse-se-corse-plus-de-paves\/","title":{"rendered":"Nokere Koerse se corse avec plus de pav\u00e9s !"},"content":{"rendered":"<p>Alors qu&rsquo;\u00e9tait annonc\u00e9e hier la liste des \u00e9quipes invit\u00e9es \u00e0 Nokere Koerse (<a href=\"http:\/\/cyclingpro.net\/velopro\/course\/nokere-koerse\/nokere-koerse-liste-equipes\/\">lire ici<\/a>), qui sera disput\u00e9 mercredi 14 mars, les organisateurs ont aussi d\u00e9voil\u00e9 le parcours. L&rsquo;arriv\u00e9e au sommet du Nokereberg \u00e9tait d\u00e9j\u00e0 bien connue m\u00eame si elle n&#8217;emp\u00eachait pas les sprinters de s&rsquo;imposer. Cette fois-ci, l&rsquo;organisation a d\u00e9cid\u00e9 de corser le parcours en ajoutant des pav\u00e9s.<\/p>\n<p>Ainsi la boucle finale de 29 kilom\u00e8tres, \u00e0 effectuer deux fois, comprendra quatre secteurs : Herlegemstraat (Kruishoutem), Lange Aststraat\/Kloosterstraat (Zingem), Huisepontweg et Kouterstraat (tous deux \u00e0 Kruishoutem). Le dernier d&rsquo;entre eux sera distant de 4,5 kilom\u00e8tres de la ligne, elle m\u00eame trac\u00e9e au sommet du Nokereberg (400m. d&rsquo;ascension pav\u00e9e \u00e0 6%). Les organisateurs n&rsquo;ont pas d\u00e9voil\u00e9 les chiffres mais une chose est s\u00fbre, la course devrait \u00eatre passionnante, \u00e0 l&rsquo;image du dernier Samyn.<\/p>\n<p>N&rsquo;oublions non pas non plus que dans la foul\u00e9e de Nokere, le Grand Prix de Denain, habituellement disput\u00e9 le jeudi suivant Paris-Roubaix, se positionnera le dimanche 18 mars. Et dans une mouture totalement in\u00e9dite avec 20 kilom\u00e8tres de pav\u00e9s (<a href=\"http:\/\/cyclingpro.net\/velopro\/course\/grand-prix-de-denain\/12-secteurs-214km-de-paves-grand-prix-de-denain\/\">lire ici<\/a>). Wout van Aert (Verandas Willems &#8211; Crelan) a d\u00e9j\u00e0 annonc\u00e9 sa participation aux deux \u00e9preuves.<\/p>\n","protected":false},"excerpt":{"rendered":"<p>Alors qu&rsquo;\u00e9tait annonc\u00e9e hier la liste des \u00e9quipes invit\u00e9es \u00e0 Nokere Koerse (lire ici), qui sera disput\u00e9 mercredi 14 mars, les organisateurs ont aussi d\u00e9voil\u00e9 le parcours. L&rsquo;arriv\u00e9e au sommet du Nokereberg \u00e9tait d\u00e9j\u00e0 bien connue m\u00eame si elle n&#8217;emp\u00eachait pas les sprinters de s&rsquo;imposer. Cette fois-ci, l&rsquo;organisation a d\u00e9cid\u00e9 de corser le parcours en &hellip;<\/p>\n","protected":false},"author":4,"featured_media":0,"comment_status":"open","ping_status":"open","sticky":false,"template":"","format":"standard","meta":{"footnotes":""},"categories":[11,76,24,15],"tags":[],"class_list":["post-57378","post","type-post","status-publish","format-standard","hentry","category-news-niveau-2","category-nokere-koerse","category-presentation-course","category-route"],"_links":{"self":[{"href":"https:\/\/cyclingpro.net\/velopro\/wp-json\/wp\/v2\/posts\/57378","targetHints":{"allow":["GET"]}}],"collection":[{"href":"https:\/\/cyclingpro.net\/velopro\/wp-json\/wp\/v2\/posts"}],"about":[{"href":"https:\/\/cyclingpro.net\/velopro\/wp-json\/wp\/v2\/types\/post"}],"author":[{"embeddable":true,"href":"https:\/\/cyclingpro.net\/velopro\/wp-json\/wp\/v2\/users\/4"}],"replies":[{"embeddable":true,"href":"https:\/\/cyclingpro.net\/velopro\/wp-json\/wp\/v2\/comments?post=57378"}],"version-history":[{"count":0,"href":"https:\/\/cyclingpro.net\/velopro\/wp-json\/wp\/v2\/posts\/57378\/revisions"}],"wp:attachment":[{"href":"https:\/\/cyclingpro.net\/velopro\/wp-json\/wp\/v2\/media?parent=57378"}],"wp:term":[{"taxonomy":"category","embeddable":true,"href":"https:\/\/cyclingpro.net\/velopro\/wp-json\/wp\/v2\/categories?post=57378"},{"taxonomy":"post_tag","embeddable":true,"href":"https:\/\/cyclingpro.net\/velopro\/wp-json\/wp\/v2\/tags?post=57378"}],"curies":[{"name":"wp","href":"https:\/\/api.w.org\/{rel}","templated":true}]}}