{"id":57336,"date":"2018-03-01T15:42:14","date_gmt":"2018-03-01T14:42:14","guid":{"rendered":"http:\/\/cyclingpro.net\/velopro\/?p=57336"},"modified":"2018-03-01T17:05:11","modified_gmt":"2018-03-01T16:05:11","slug":"katusha-alpecin-change-fusil-depaule-sprints","status":"publish","type":"post","link":"https:\/\/cyclingpro.net\/velopro\/route\/katusha-alpecin-change-fusil-depaule-sprints\/","title":{"rendered":"Paris-Nice\/Tirreno : Katusha-Alpecin change son fusil d&rsquo;\u00e9paule"},"content":{"rendered":"<p>Alors que pr\u00e9vu sur Paris Nice et figurant dans une liste d&rsquo;engag\u00e9s certes non d\u00e9finitive, Marcel Kittel ne s&rsquo;alignera pas sur la course au soleil. C&rsquo;est ce qui vient d&rsquo;\u00eatre confirm\u00e9 : il n&rsquo;est pas nomm\u00e9 ce jeudi dans la liste des sept coureurs participants. Maurits Lammertink prendra la place de Kittel sur Paris-Nice. Kittel s&rsquo;alignerait sur Tirreno-Adriatico \u00e0 la place de Lammertink. Ce qu&rsquo;il a confirm\u00e9 sur son site personnel. Le directeur sportif de l&rsquo;\u00e9quipe Torsten Schmidt a d\u00e9clar\u00e9 quant \u00e0 lui sur le site allemand Radsport-news.com que le changement de Kittel avait \u00e9t\u00e9 effectu\u00e9 afin de tirer le meilleur parti des opportunit\u00e9s de sprint possibles \u00e0 Tirreno-Adriatico.<\/p>\n<p>Il est vrai que depuis le d\u00e9but de saison Kittel peine \u00e0 performer : 3\u00e8me puis 2\u00e8me sur des \u00e9tapes du Duba\u00ef Tour, Kittel s&rsquo;\u00e9tait fait chiper la victoire par son compatriote Phil Bauhaus (Sunweb). Si Tirreno semble lui apporter plus de chances de victoire, l&rsquo;opposition sera rude. Rappelons que Peter Sagan (Bora &#8211; Hansgrohe), Fernando Gaviria (Quick Step), Sonny Colbrelli (Bahrain &#8211; Merida), Caleb Ewan (Mitchelton &#8211; Scott), pour ne citer qu&rsquo;eux, seront bien pr\u00e9sents.<\/p>\n<p>Kittel semble confiant pour autant. Il avait d\u00e9clar\u00e9 derni\u00e8rement <em>\u00ab\u00a0Vous ne voyez pas toujours le r\u00e9sultat, mais nous faisons de petits pas. Je pense qu&rsquo;aujourd&rsquo;hui nous sommes au point o\u00f9 nous pouvons dire qu&rsquo;il y a des progr\u00e8s, et nous pouvons \u00eatre fiers de cela.\u00a0\u00bb <\/em>Rendez vous \u00e0 Follonica (2\u00e8me \u00e9tape) et \u00e0 Fano (6\u00e8me \u00e9tape) pour mesurer les progr\u00e8s annonc\u00e9s . . .<\/p>\n<p><em><span style=\"text-decoration: underline;\">Composition de l&rsquo;\u00e9quipe Katusha &#8211; Alpecin pour Paris-Nice 2018 (4-11 mars) :<\/span><\/em> Ilnur Zakarin, Ian Boswell, Marco Haller, Pavel Kotchekov, Maurits Lammertink, Tiago Machado et Nils Politt.<\/p>\n<p><em><span style=\"text-decoration: underline;\">Composition de l&rsquo;\u00e9quipe Katusha &#8211; Alpecin pour Strade Bianche 2018 (3 mars) :<\/span><\/em>\u00a0Maxim Belkov, Jos\u00e9 Gon\u00e7alves\u00a0 Nathan Haas, Viacheslav Kuznetsov; Marco Mathis, Jhonatan Restrepo et Mads W\u00fcrtz Schmidt.<\/p>\n","protected":false},"excerpt":{"rendered":"<p>Alors que pr\u00e9vu sur Paris Nice et figurant dans une liste d&rsquo;engag\u00e9s certes non d\u00e9finitive, Marcel Kittel ne s&rsquo;alignera pas sur la course au soleil. C&rsquo;est ce qui vient d&rsquo;\u00eatre confirm\u00e9 : il n&rsquo;est pas nomm\u00e9 ce jeudi dans la liste des sept coureurs participants. Maurits Lammertink prendra la place de Kittel sur Paris-Nice. Kittel &hellip;<\/p>\n","protected":false},"author":4,"featured_media":54075,"comment_status":"open","ping_status":"open","sticky":false,"template":"","format":"standard","meta":{"footnotes":""},"categories":[11,12,26,63,15,69,75],"tags":[],"class_list":["post-57336","post","type-post","status-publish","format-standard","has-post-thumbnail","hentry","category-news-niveau-2","category-non-classe","category-compositions","category-paris-nice","category-route","category-strade-bianche","category-tirreno-adriatico"],"_links":{"self":[{"href":"https:\/\/cyclingpro.net\/velopro\/wp-json\/wp\/v2\/posts\/57336","targetHints":{"allow":["GET"]}}],"collection":[{"href":"https:\/\/cyclingpro.net\/velopro\/wp-json\/wp\/v2\/posts"}],"about":[{"href":"https:\/\/cyclingpro.net\/velopro\/wp-json\/wp\/v2\/types\/post"}],"author":[{"embeddable":true,"href":"https:\/\/cyclingpro.net\/velopro\/wp-json\/wp\/v2\/users\/4"}],"replies":[{"embeddable":true,"href":"https:\/\/cyclingpro.net\/velopro\/wp-json\/wp\/v2\/comments?post=57336"}],"version-history":[{"count":0,"href":"https:\/\/cyclingpro.net\/velopro\/wp-json\/wp\/v2\/posts\/57336\/revisions"}],"wp:featuredmedia":[{"embeddable":true,"href":"https:\/\/cyclingpro.net\/velopro\/wp-json\/wp\/v2\/media\/54075"}],"wp:attachment":[{"href":"https:\/\/cyclingpro.net\/velopro\/wp-json\/wp\/v2\/media?parent=57336"}],"wp:term":[{"taxonomy":"category","embeddable":true,"href":"https:\/\/cyclingpro.net\/velopro\/wp-json\/wp\/v2\/categories?post=57336"},{"taxonomy":"post_tag","embeddable":true,"href":"https:\/\/cyclingpro.net\/velopro\/wp-json\/wp\/v2\/tags?post=57336"}],"curies":[{"name":"wp","href":"https:\/\/api.w.org\/{rel}","templated":true}]}}