{"id":57260,"date":"2018-02-28T10:48:48","date_gmt":"2018-02-28T09:48:48","guid":{"rendered":"http:\/\/cyclingpro.net\/velopro\/?p=57260"},"modified":"2018-02-28T10:49:40","modified_gmt":"2018-02-28T09:49:40","slug":"paris-nice-equipe-quick-step-capable-de-briller-partout","status":"publish","type":"post","link":"https:\/\/cyclingpro.net\/velopro\/course\/paris-nice\/paris-nice-equipe-quick-step-capable-de-briller-partout\/","title":{"rendered":"Paris-Nice : une \u00e9quipe Quick Step capable de briller partout"},"content":{"rendered":"<p>Paris-Nice marquera le d\u00e9but de la saison europ\u00e9enne de Julian Alaphilippe (Quick Step). Le jeune prodige fran\u00e7ais sera forc\u00e9ment tr\u00e8s observ\u00e9, surtout apr\u00e8s sa performance de l&rsquo;an pass\u00e9, o\u00f9 il avait remport\u00e9 le chrono du Mont Brouilly et conserv\u00e9 le maillot jaune pendant 3 jours pour finalement terminer cinqui\u00e8me. L&rsquo;objectif de cette ann\u00e9e sera bien s\u00fbr le classement g\u00e9n\u00e9ral m\u00eame si le coureur de 25 ans reste prudent sur ses ambitions.<\/p>\n<p>\u00ab\u00a0<em>Je connais beaucoup des routes de cette ann\u00e9e<\/em>, d\u00e9clarait Alaphilippe sur le site de son \u00e9quipe.\u00a0<em>J&rsquo;ose le dire : le parcours sera encore plus exigeant que celui de l&rsquo;an pass\u00e9. Dans la premi\u00e8re moiti\u00e9 de semaine, la m\u00e9t\u00e9o sera aussi un facteur avec des pr\u00e9visions annon\u00e7ant pluie et fort vent. J&rsquo;adorerai remporter une \u00e9tape comme l&rsquo;an pass\u00e9 mais je vais prendre la course jour apr\u00e8s jour et voir ce qu&rsquo;il se passera<\/em>\u00ab\u00a0.<\/p>\n<p>l&rsquo;\u00e9quipe Quick Step ne se r\u00e9sumera pas qu&rsquo;\u00e0 Julian Alaphilippe. Avec Elia Viviani, coureur le plus victorieux de ce d\u00e9but d&rsquo;ann\u00e9e (\u00e0 \u00e9galit\u00e9 avec Alejandro Valverde), la formation de Patrick Lefevere a de s\u00e9rieuses chances de victoire sur les sprints. Yves Lampaert sera pour sa part un client s\u00e9rieux pour le chrono, dont il est Champion de Belgique de la discipline.<\/p>\n<p><em><span style=\"text-decoration: underline;\">Composition de l&rsquo;\u00e9quipe Quick Step pour Paris-Nice 2018 (4-11 mars) :<\/span><\/em> Julian Alaphilippe, Tim Declercq, Dries Devenyns, Yves Lampaert, Michael M\u00f8rk\u00f8v, Fabio Sabatini et Elia Viviani.<\/p>\n","protected":false},"excerpt":{"rendered":"<p>Paris-Nice marquera le d\u00e9but de la saison europ\u00e9enne de Julian Alaphilippe (Quick Step). Le jeune prodige fran\u00e7ais sera forc\u00e9ment tr\u00e8s observ\u00e9, surtout apr\u00e8s sa performance de l&rsquo;an pass\u00e9, o\u00f9 il avait remport\u00e9 le chrono du Mont Brouilly et conserv\u00e9 le maillot jaune pendant 3 jours pour finalement terminer cinqui\u00e8me. L&rsquo;objectif de cette ann\u00e9e sera bien &hellip;<\/p>\n","protected":false},"author":4,"featured_media":7088,"comment_status":"open","ping_status":"open","sticky":false,"template":"","format":"standard","meta":{"footnotes":""},"categories":[11,26,63,15],"tags":[],"class_list":["post-57260","post","type-post","status-publish","format-standard","has-post-thumbnail","hentry","category-news-niveau-2","category-compositions","category-paris-nice","category-route"],"_links":{"self":[{"href":"https:\/\/cyclingpro.net\/velopro\/wp-json\/wp\/v2\/posts\/57260","targetHints":{"allow":["GET"]}}],"collection":[{"href":"https:\/\/cyclingpro.net\/velopro\/wp-json\/wp\/v2\/posts"}],"about":[{"href":"https:\/\/cyclingpro.net\/velopro\/wp-json\/wp\/v2\/types\/post"}],"author":[{"embeddable":true,"href":"https:\/\/cyclingpro.net\/velopro\/wp-json\/wp\/v2\/users\/4"}],"replies":[{"embeddable":true,"href":"https:\/\/cyclingpro.net\/velopro\/wp-json\/wp\/v2\/comments?post=57260"}],"version-history":[{"count":0,"href":"https:\/\/cyclingpro.net\/velopro\/wp-json\/wp\/v2\/posts\/57260\/revisions"}],"wp:featuredmedia":[{"embeddable":true,"href":"https:\/\/cyclingpro.net\/velopro\/wp-json\/wp\/v2\/media\/7088"}],"wp:attachment":[{"href":"https:\/\/cyclingpro.net\/velopro\/wp-json\/wp\/v2\/media?parent=57260"}],"wp:term":[{"taxonomy":"category","embeddable":true,"href":"https:\/\/cyclingpro.net\/velopro\/wp-json\/wp\/v2\/categories?post=57260"},{"taxonomy":"post_tag","embeddable":true,"href":"https:\/\/cyclingpro.net\/velopro\/wp-json\/wp\/v2\/tags?post=57260"}],"curies":[{"name":"wp","href":"https:\/\/api.w.org\/{rel}","templated":true}]}}