{"id":56959,"date":"2018-02-25T19:14:28","date_gmt":"2018-02-25T18:14:28","guid":{"rendered":"http:\/\/cyclingpro.net\/velopro\/?p=56959"},"modified":"2018-02-25T19:21:46","modified_gmt":"2018-02-25T18:21:46","slug":"lilian-calmejane-commencais-a-etre-terriblement-frustre","status":"publish","type":"post","link":"https:\/\/cyclingpro.net\/velopro\/course\/boucles-drome-ardeche\/drome-classic\/lilian-calmejane-commencais-a-etre-terriblement-frustre\/","title":{"rendered":"Lilian Calmejane : \u00ab\u00a0Je commen\u00e7ais \u00e0 \u00eatre terriblement frustr\u00e9\u00a0\u00bb"},"content":{"rendered":"<p style=\"text-align: justify;\">De son propre aveu, Lilian Calmejane devenait impatient. Victorieux \u00e0 sept reprises en 2017, le coureur de la Direct Energie avait bien du mal \u00e0 se contenter des places d&rsquo;honneur acquises cette saison. Alors, quand au lendemain de sa troisi\u00e8me position sur la Classic de l&rsquo;Ard\u00e8che, il s&rsquo;est retrouv\u00e9 dans le final de la Dr\u00f4me Classic en compagnie de Bob Jungels et Jhonatan Narvaez (Quick Step Floors), il y a vu l&rsquo;opportunit\u00e9 parfaite de d\u00e9bloquer son compteur. Ce n&rsquo;\u00e9tait pas gagn\u00e9 d&rsquo;avance, mais il a parfaitement manoeuvr\u00e9 et s&rsquo;est montr\u00e9 un peu plus costaud, juste ce qu&rsquo;il faut, pour aller s&rsquo;imposer avec quelques longueurs d&rsquo;avance \u00e0 Livron.<\/p>\n<p class=\"p1\" style=\"text-align: justify;\"><em>\u00ab\u00a0Je savais que j\u2019avais une chance de m\u2019imposer m\u00eame si j\u2019\u00e9tais avec eux<\/em>, a-t-il racont\u00e9 aupr\u00e8s de La Chaine L&rsquo;Equipe. <em>J\u2019ai pass\u00e9 le Mur d&rsquo;Allex un peu moins fort que Jungels, qui \u00e9tait vraiment impressionnant. Puis, dans l\u2019oreillette, on m\u2019a dit que Jonathan Hivert, notre leader, \u00e9tait derri\u00e8re dans une position id\u00e9ale. \u00c0 partir de l\u00e0, je leur ai dit que je ne pouvais plus collaborer. Jungels a choisi de se sacrifier pour son coll\u00e8gue mais j\u2019ai senti qu\u2019il ne d\u00e9boitait pas dans la bosse. J\u2019ai attaqu\u00e9 une premi\u00e8re fois sans vraiment tout mettre. J\u2019ai vu qu\u2019il grima\u00e7ait, et j\u2019ai mis une double attaque. J\u2019ai r\u00e9ussi \u00e0 le d\u00e9coller de la roue et je savais qu\u2019ensuite, s\u2019il n\u2019\u00e9tait pas coll\u00e9 \u00e0 ma roue, il ne pourrait plus revenir. Il ne restait qu\u2019une descente avec beaucoup de virages. J\u2019ai pu un peu savourer\u00a0\u00bb.<\/em><\/p>\n<p style=\"text-align: justify;\">Le vainqueur d&rsquo;\u00e9tape sur le Tour et la Vuelta ne cachait en effet pas sa joie \u00e0 l&rsquo;arriv\u00e9e. De la joie, mais aussi, dans une certaine mesure, une part de soulagement. <em>\u00ab\u00a0Ce qui me connaissent diront que je suis peut-\u00eatre fou, pr\u00e9tentieux, mais je commen\u00e7ais \u00e0 \u00eatre terriblement frustr\u00e9,<\/em> a-t-il ajout\u00e9. <em>Je tournais autour de depuis le d\u00e9but de la saison. L\u2019\u00e9quipe avait d\u00e9j\u00e0 gagn\u00e9 quatre fois. Je voulais aussi gagner surtout que je suis prot\u00e9g\u00e9 sur toutes les courses, on fait toujours du bon travail pour moi. J\u2019avais quelques podiums et l\u00e0 il y a une gagne, \u00e7a fait super plaisir\u00a0\u00bb.\u00a0<\/em>De quoi faire monter la confiance en fl\u00e8che \u00e0 quelques jours de Paris-Nice.<\/p>\n","protected":false},"excerpt":{"rendered":"<p>De son propre aveu, Lilian Calmejane devenait impatient. Victorieux \u00e0 sept reprises en 2017, le coureur de la Direct Energie avait bien du mal \u00e0 se contenter des places d&rsquo;honneur acquises cette saison. Alors, quand au lendemain de sa troisi\u00e8me position sur la Classic de l&rsquo;Ard\u00e8che, il s&rsquo;est retrouv\u00e9 dans le final de la Dr\u00f4me &hellip;<\/p>\n","protected":false},"author":5,"featured_media":56961,"comment_status":"open","ping_status":"open","sticky":false,"template":"","format":"standard","meta":{"footnotes":""},"categories":[11,67,15],"tags":[],"class_list":["post-56959","post","type-post","status-publish","format-standard","has-post-thumbnail","hentry","category-news-niveau-2","category-drome-classic","category-route"],"_links":{"self":[{"href":"https:\/\/cyclingpro.net\/velopro\/wp-json\/wp\/v2\/posts\/56959","targetHints":{"allow":["GET"]}}],"collection":[{"href":"https:\/\/cyclingpro.net\/velopro\/wp-json\/wp\/v2\/posts"}],"about":[{"href":"https:\/\/cyclingpro.net\/velopro\/wp-json\/wp\/v2\/types\/post"}],"author":[{"embeddable":true,"href":"https:\/\/cyclingpro.net\/velopro\/wp-json\/wp\/v2\/users\/5"}],"replies":[{"embeddable":true,"href":"https:\/\/cyclingpro.net\/velopro\/wp-json\/wp\/v2\/comments?post=56959"}],"version-history":[{"count":0,"href":"https:\/\/cyclingpro.net\/velopro\/wp-json\/wp\/v2\/posts\/56959\/revisions"}],"wp:featuredmedia":[{"embeddable":true,"href":"https:\/\/cyclingpro.net\/velopro\/wp-json\/wp\/v2\/media\/56961"}],"wp:attachment":[{"href":"https:\/\/cyclingpro.net\/velopro\/wp-json\/wp\/v2\/media?parent=56959"}],"wp:term":[{"taxonomy":"category","embeddable":true,"href":"https:\/\/cyclingpro.net\/velopro\/wp-json\/wp\/v2\/categories?post=56959"},{"taxonomy":"post_tag","embeddable":true,"href":"https:\/\/cyclingpro.net\/velopro\/wp-json\/wp\/v2\/tags?post=56959"}],"curies":[{"name":"wp","href":"https:\/\/api.w.org\/{rel}","templated":true}]}}