{"id":56407,"date":"2018-02-24T10:45:51","date_gmt":"2018-02-24T09:45:51","guid":{"rendered":"http:\/\/cyclingpro.net\/velopro\/?p=56407"},"modified":"2018-02-24T11:30:18","modified_gmt":"2018-02-24T10:30:18","slug":"adrien-petit-difficile-a-digerer","status":"publish","type":"post","link":"https:\/\/cyclingpro.net\/velopro\/route\/adrien-petit-difficile-a-digerer\/","title":{"rendered":"Adrien Petit : \u00ab\u00a0Difficile \u00e0 dig\u00e9rer\u00a0\u00bb"},"content":{"rendered":"<p style=\"text-align: justify;\">C&rsquo;est la grande absente du jour. L&rsquo;\u00e9quipe Direct Energie n&rsquo;a pas \u00e9t\u00e9 retenue pour l&rsquo;Omloop Het Nieuwsblad. Ni m\u00eame pour \u00c0 Travers la Flandre et le Tour des Flandres qui, comme le Nieuwsblad, sont organis\u00e9s par Flanders Classics. Un coup dur pour une \u00e9quipe qui cultive depuis longtemps un v\u00e9ritable engouement pour ces courses si particuli\u00e8res. La neuvi\u00e8me place de Sylvain Chavanel sur le dernier Tour des Flandres le rappelle, tout comme la neuvi\u00e8me place d&rsquo;Adrien Petit sur Paris-Roubaix dans la foul\u00e9e. Cette ann\u00e9e, le jeune prodige Lilian Calmejane voulait m\u00eame s&rsquo;y tester (sur \u00c0 Travers la Flandre et le Tour des Flandres). Il n&rsquo;en sera rien. Lorsque la mauvaise nouvelle pour le Tour des Flandres est tomb\u00e9e, VeloPro.fr a \u00e9t\u00e9 \u00e0 la rencontre d&rsquo;Adrien Petit, lors du Tour de la Communaut\u00e9 de Valence, pour qu&rsquo;il nous livre son sentiment.<\/p>\n<p style=\"text-align: justify;\">\u00ab\u00a0<em>\u00c7a a \u00e9t\u00e9 difficile \u00e0 dig\u00e9rer,<\/em>\u00a0soupirait-il.<em> C&rsquo;est s\u00fbr que ce n&rsquo;est pas simple quand on fait un gros hiver en pensant tous les matins aux classiques&#8230; en partant rouler par tous les temps, \u00e9tant nordiste, et en se disant que ce sera un avantage pour ces courses o\u00f9 la m\u00e9t\u00e9o est souvent peu cl\u00e9mente. Alors quand les organisateurs nous oublient, c&rsquo;est frustrant bien s\u00fbr&#8230;<\/em>\u00a0\u00bb Natif d&rsquo;Arras, Adrien Petit a forc\u00e9ment ces courses dans le coeur. Alors la non s\u00e9lection a \u00e9t\u00e9 un cr\u00e8ve coeur. Heureusement il reste Paris-Roubaix et le Grand Prix E3 Harelbeke. Mais pas que&#8230;<\/p>\n<p style=\"text-align: justify;\">Si certains se plaignent de l&rsquo;\u00e9pid\u00e9mie d&rsquo;ajouts de pav\u00e9s et de chemins de terre sur les parcours d&rsquo;\u00e9preuves pas sp\u00e9cialement flandriennes, cela n&rsquo;a pas que des inconv\u00e9nients. Ainsi depuis 2015, le Samyn, qui \u00e9tait une course pour sprinters jusque l\u00e0, offre un circuit final avec quatre beaux secteurs pav\u00e9s \u00e0 parcourir \u00e0 quatre reprises. Le r\u00e9sultat est \u00e0 chaque fois spectaculaire. Le Grand Prix de Denain va suivre le m\u00eame exemple. Ces nouveaut\u00e9s permettent aux \u00e9quipes qui n&rsquo;ont pas la chance de disputer les Flandriennes de go\u00fbter au plaisir des courses pav\u00e9es. Et pour Direct Energie, c&rsquo;est l&rsquo;occasion de reporter ses objectifs.<\/p>\n<p style=\"text-align: justify;\">\u00ab\u00a0<em>Apr\u00e8s la d\u00e9ception des non invitations, je m&rsquo;y suis fait<\/em>, relativise Adrien Petit.\u00a0<em>Je ne pourrai voir le Het Nieuwsblad qu&rsquo;\u00e0 la t\u00e9l\u00e9, mais je vais me re-concentrer sur d&rsquo;autres courses comme le Samyn, le Grand Prix de Denain ou la Roue Tourangelle. J&rsquo;irai l\u00e0 bas pour chercher des r\u00e9sultats\u00a0\u00bb .\u00a0<\/em>Ainsi le \u00ab\u00a0week-end\u00a0\u00bb d&rsquo;ouverture belge de Direct Energie se composera de Kuurne-Bruxelles-Kuurne (25 f\u00e9vrier) et du Samyn (mardi 27 f\u00e9vrier). Une sorte de mont\u00e9e en puissance, et, pour Adrien Petit, peut-\u00eatre une occasion suppl\u00e9mentaire de prouver sa valeur sur les pav\u00e9s. Car jusqu&rsquo;\u00e0 pr\u00e9sent l&rsquo;Arrageois faisait l&rsquo;impasse sur la course wallonne en raison de sa participation au Nieuwsblad et \u00e0 Kuurne. Cette ann\u00e9e, s&rsquo;il veut briller sur le Samyn, il devra affronter Philippe Gilbert (Quick Step) notamment, qui a lui d\u00e9cid\u00e9 de faire l&rsquo;impasse sur Kuurne pour encha\u00eener Nieuwsblad et Samyn.<\/p>\n<p style=\"text-align: justify;\">Mais le point d&rsquo;orgue des classiques, avant Paris-Roubaix, pourrait bien \u00eatre le Grand Prix de Denain pour Adrien Petit. L&rsquo;\u00e9preuve proposera pour la premi\u00e8re fois cette ann\u00e9e, une vingtaine de kilom\u00e8tres pav\u00e9s (<a href=\"http:\/\/cyclingpro.net\/velopro\/course\/grand-prix-de-denain\/12-secteurs-214km-de-paves-grand-prix-de-denain\/\">lire ici<\/a>). \u00ab\u00a0<em>Denain ne m&rsquo;avait jamais motiv\u00e9 jusqu&rsquo;\u00e0 pr\u00e9sent car c&rsquo;est une course avant tout pour sprinters, avec un emballage final en faux plat descendant. Ces deux derni\u00e8res ann\u00e9es j&rsquo;avais fait l&rsquo;impasse. C&rsquo;est s\u00fbr qu&rsquo;autour de Denain, il y a de quoi faire un super parcours. Moi je n&rsquo;attendais que \u00e7a&#8230; Depuis que je suis pro, je savais que cette course pouvait devenir un grand rendez-vous.\u00a0\u00c7a se fait cette ann\u00e9e donc \u00e7a tombe bien pour moi. Apr\u00e8s ce sera pendant le week-end de Milan-San Remo, donc les grands noms ne pourront sans doute pas cumuler\u00a0\u00bb .<\/em><\/p>\n<p style=\"text-align: justify;\">En dehors des ambitions personnelles, Adrien Petit s&rsquo;attachera \u00e0 accompagner Thomas Boudat. Un r\u00f4le de poisson pilote que Petit appr\u00e9cie puisque c&rsquo;\u00e9tait d\u00e9j\u00e0 l&rsquo;une de ses grandes attributions avec Bryan Coquard, mais avec Boudat il va aussi falloir mettre en place les automatismes. \u00ab\u00a0<em>Forc\u00e9ment le d\u00e9part de Bryan change beaucoup. Nous avions pris beaucoup de rep\u00e8res entre nous, nous avions eu pas mal de succ\u00e8s&#8230; on faisait vraiment de belles choses quand on courrait ensemble. C&rsquo;est donc un changement mais Thomas est tr\u00e8s motiv\u00e9. Il a vraiment de quoi performer et moi je vais l&rsquo;aider \u00e0 gagner le plus possible. Ce sera l&rsquo;autre gros objectif de ma saison. Il est jeune mais a beaucoup de qualit\u00e9s. On l&rsquo;a d\u00e9j\u00e0 entrevu en d\u00e9but de saison<\/em>\u00a0\u00bb . En effet, \u00e7a a plut\u00f4t d\u00e9j\u00e0 bien commenc\u00e9 avec une victoire sur la premi\u00e8re \u00e9tape du Tour d&rsquo;Andalousie, m\u00eame si comme Thomas Boudat nous l&rsquo;affirmait ce jour l\u00e0, il avait perdu ses co\u00e9quipiers et avait d\u00fb se d\u00e9brouiller un peu seul (<a href=\"http:\/\/cyclingpro.net\/velopro\/course\/tour-dandalousie\/thomas-boudat-ne-savais-avait-gagne\/\">voir ici<\/a>). \u00c0 Kuurne, le coureur qui f\u00eate ses 24 ans aujourd&rsquo;hui\u00a0retrouvera les pav\u00e9s et m\u00eame s&rsquo;il s&rsquo;\u00e9tait d\u00e9j\u00e0 test\u00e9 sur le week-end d&rsquo;ouverture l&rsquo;an pass\u00e9, nul doute que l&rsquo;exp\u00e9rience d&rsquo;Adrien Petit lui sera pr\u00e9cieuse avec, pourquoi pas \u00e0 l&rsquo;avenir, la possibilit\u00e9 d&rsquo;avoir des ambitions ici en Flandres.<\/p>\n<p style=\"text-align: justify;\">Mais encore faudra-t-il retrouver les faveurs des organisateurs. Outre les courses Flanders Classics, Direct Energie a aussi \u00e9t\u00e9 recal\u00e9 pour le Crit\u00e9rium du Dauphin\u00e9. Une premi\u00e8re pour l&rsquo;\u00e9quipe de Jean-Ren\u00e9 Bernaudeau alors que l&rsquo;an pass\u00e9, la formation vend\u00e9enne \u00e9tait align\u00e9e \u00e0 la fois sur l&rsquo;\u00e9preuve ASO et en m\u00eame temps sur le Tour de Suisse. L&rsquo;\u00e9preuve helv\u00e9tique sauvera d&rsquo;ailleurs la pr\u00e9paration de Direct Energie en vue du Tour de France en les r\u00e9invitant cette ann\u00e9e. <em>\u00ab\u00a0L&rsquo;objectif \u00e9tait avant tout Paris-Nice pour nous, <\/em>contrebalan\u00e7ait Petit<em>. S&rsquo;il y avait eu un choix \u00e0 faire entre Paris-Nice et le Dauphin\u00e9, on aurait pris le premier car en juin il y a le Tour de Suisse, le Tour du Luxembourg, donc il y a de quoi faire. Ce n&rsquo;est pas une frustration<\/em>\u00a0\u00bb .<\/p>\n<p style=\"text-align: justify;\">Reste que cela montre que depuis le d\u00e9part de Thomas Voeckler, l&rsquo;\u00e9quipe Direct Energie n&rsquo;a plus autant la faveur des organisateurs. En France, il semble que la hi\u00e9rarchie des forces se soit invers\u00e9e avec Fortuneo &#8211; Samsic et sa recrue star, Warren Barguil. La formidable victoire de Lilian Calmejane sur les routes du Tour de France 2017, quelques mois apr\u00e8s sa victoire d&rsquo;\u00e9tape sur La Vuelta, ne font donc pour le moment pas encore assez pour remplacer Voeckler.<\/p>\n","protected":false},"excerpt":{"rendered":"<p>C&rsquo;est la grande absente du jour. L&rsquo;\u00e9quipe Direct Energie n&rsquo;a pas \u00e9t\u00e9 retenue pour l&rsquo;Omloop Het Nieuwsblad. Ni m\u00eame pour \u00c0 Travers la Flandre et le Tour des Flandres qui, comme le Nieuwsblad, sont organis\u00e9s par Flanders Classics. Un coup dur pour une \u00e9quipe qui cultive depuis longtemps un v\u00e9ritable engouement pour ces courses si &hellip;<\/p>\n","protected":false},"author":4,"featured_media":56416,"comment_status":"open","ping_status":"open","sticky":false,"template":"","format":"standard","meta":{"footnotes":""},"categories":[27,17,34,33,15],"tags":[],"class_list":["post-56407","post","type-post","status-publish","format-standard","has-post-thumbnail","hentry","category-gros-bloc","category-une","category-kuurne-brussel-kuurne","category-omloop-het-nieuwsblad","category-route"],"_links":{"self":[{"href":"https:\/\/cyclingpro.net\/velopro\/wp-json\/wp\/v2\/posts\/56407","targetHints":{"allow":["GET"]}}],"collection":[{"href":"https:\/\/cyclingpro.net\/velopro\/wp-json\/wp\/v2\/posts"}],"about":[{"href":"https:\/\/cyclingpro.net\/velopro\/wp-json\/wp\/v2\/types\/post"}],"author":[{"embeddable":true,"href":"https:\/\/cyclingpro.net\/velopro\/wp-json\/wp\/v2\/users\/4"}],"replies":[{"embeddable":true,"href":"https:\/\/cyclingpro.net\/velopro\/wp-json\/wp\/v2\/comments?post=56407"}],"version-history":[{"count":0,"href":"https:\/\/cyclingpro.net\/velopro\/wp-json\/wp\/v2\/posts\/56407\/revisions"}],"wp:featuredmedia":[{"embeddable":true,"href":"https:\/\/cyclingpro.net\/velopro\/wp-json\/wp\/v2\/media\/56416"}],"wp:attachment":[{"href":"https:\/\/cyclingpro.net\/velopro\/wp-json\/wp\/v2\/media?parent=56407"}],"wp:term":[{"taxonomy":"category","embeddable":true,"href":"https:\/\/cyclingpro.net\/velopro\/wp-json\/wp\/v2\/categories?post=56407"},{"taxonomy":"post_tag","embeddable":true,"href":"https:\/\/cyclingpro.net\/velopro\/wp-json\/wp\/v2\/tags?post=56407"}],"curies":[{"name":"wp","href":"https:\/\/api.w.org\/{rel}","templated":true}]}}