{"id":56309,"date":"2018-02-22T18:17:36","date_gmt":"2018-02-22T17:17:36","guid":{"rendered":"http:\/\/cyclingpro.net\/velopro\/?p=56309"},"modified":"2018-02-22T18:22:58","modified_gmt":"2018-02-22T17:22:58","slug":"omloop-het-nieuwsblad-kuurne-ben-swift-sessayera-paves","status":"publish","type":"post","link":"https:\/\/cyclingpro.net\/velopro\/route\/omloop-het-nieuwsblad-kuurne-ben-swift-sessayera-paves\/","title":{"rendered":"Omloop Het Nieuwsblad\/Kuurne : Ben Swift s&rsquo;essayera sur les pav\u00e9s"},"content":{"rendered":"<p>L&rsquo;\u00e9quipe UAE Team Emirates ne pourra pas compter sur son nouveau capitaine embl\u00e9matique pour les classiques pav\u00e9s, Alexander Kristoff, puisque celui-ci est actuellement au Tour d&rsquo;Abu Dhabi. Mais le groupe qui l&rsquo;entourera en avril doit se tester sur les flandriennes et ce week-end d&rsquo;ouverture (Omloop Het Nieuwsblad le 24 f\u00e9vrier et Kuurne-Bruxelles-Kuurne le lendemain) sera donc un passage important. Ben Swift a d\u00e9j\u00e0 particip\u00e9 au Tour des Flandres mais n&rsquo;a jamais ax\u00e9 sa premi\u00e8re partie de saison sur les classiques pav\u00e9es, se consacrant plut\u00f4t aux Ardennaises. Ce sera diff\u00e9rent cette ann\u00e9e.<\/p>\n<p>Le Britannique devrait \u00eatre un \u00e9l\u00e9ment important de la garde rapproch\u00e9e de Kristoff mais en attendant, il aura l&rsquo;occasion de rouler pour lui-m\u00eame ce week-end. Il pourra s&rsquo;appuyer sur le soutien de l&rsquo;exp\u00e9riment\u00e9 Marco Marcato. Swift est rapide on le sait mais ce ne sera pas la seule carte en cas de sprint puisque l&rsquo;\u00e9quipe \u00e9miratie pourra aussi compter sur Simone Consonni. Filippo Ganna, Matteo Bono, Oliviero Troia et\u00a0Alexandr Riabushenko compl\u00e8teront la grille.<\/p>\n","protected":false},"excerpt":{"rendered":"<p>L&rsquo;\u00e9quipe UAE Team Emirates ne pourra pas compter sur son nouveau capitaine embl\u00e9matique pour les classiques pav\u00e9s, Alexander Kristoff, puisque celui-ci est actuellement au Tour d&rsquo;Abu Dhabi. Mais le groupe qui l&rsquo;entourera en avril doit se tester sur les flandriennes et ce week-end d&rsquo;ouverture (Omloop Het Nieuwsblad le 24 f\u00e9vrier et Kuurne-Bruxelles-Kuurne le lendemain) sera &hellip;<\/p>\n","protected":false},"author":4,"featured_media":0,"comment_status":"open","ping_status":"open","sticky":false,"template":"","format":"standard","meta":{"footnotes":""},"categories":[12,26,34,33,15],"tags":[],"class_list":["post-56309","post","type-post","status-publish","format-standard","hentry","category-non-classe","category-compositions","category-kuurne-brussel-kuurne","category-omloop-het-nieuwsblad","category-route"],"_links":{"self":[{"href":"https:\/\/cyclingpro.net\/velopro\/wp-json\/wp\/v2\/posts\/56309","targetHints":{"allow":["GET"]}}],"collection":[{"href":"https:\/\/cyclingpro.net\/velopro\/wp-json\/wp\/v2\/posts"}],"about":[{"href":"https:\/\/cyclingpro.net\/velopro\/wp-json\/wp\/v2\/types\/post"}],"author":[{"embeddable":true,"href":"https:\/\/cyclingpro.net\/velopro\/wp-json\/wp\/v2\/users\/4"}],"replies":[{"embeddable":true,"href":"https:\/\/cyclingpro.net\/velopro\/wp-json\/wp\/v2\/comments?post=56309"}],"version-history":[{"count":0,"href":"https:\/\/cyclingpro.net\/velopro\/wp-json\/wp\/v2\/posts\/56309\/revisions"}],"wp:attachment":[{"href":"https:\/\/cyclingpro.net\/velopro\/wp-json\/wp\/v2\/media?parent=56309"}],"wp:term":[{"taxonomy":"category","embeddable":true,"href":"https:\/\/cyclingpro.net\/velopro\/wp-json\/wp\/v2\/categories?post=56309"},{"taxonomy":"post_tag","embeddable":true,"href":"https:\/\/cyclingpro.net\/velopro\/wp-json\/wp\/v2\/tags?post=56309"}],"curies":[{"name":"wp","href":"https:\/\/api.w.org\/{rel}","templated":true}]}}