{"id":56306,"date":"2018-02-22T16:47:42","date_gmt":"2018-02-22T15:47:42","guid":{"rendered":"http:\/\/cyclingpro.net\/velopro\/?p=56306"},"modified":"2018-02-22T16:48:48","modified_gmt":"2018-02-22T15:48:48","slug":"tom-boonen-devient-ambassadeur-lotto-soudal","status":"publish","type":"post","link":"https:\/\/cyclingpro.net\/velopro\/route\/tom-boonen-devient-ambassadeur-lotto-soudal\/","title":{"rendered":"Tom Boonen devient ambassadeur pour&#8230; Lotto &#8211; Soudal !"},"content":{"rendered":"<p>Si Tom Boonen a effectu\u00e9 toute sa carri\u00e8re chez Quick Step jusqu&rsquo;\u00e0 sa retraite l&rsquo;an pass\u00e9, \u00e0 l&rsquo;exception de sa toute premi\u00e8re ann\u00e9e pro (chez US Postal), il vient de choisir de devenir ambassadeur de Lotto &#8211; Soudal, selon la DH, d\u00e9laissant ainsi l&rsquo;\u00e9quipe de Patrick Lefevere. Lotto &#8211; Soudal avait d\u00e9j\u00e0 annonc\u00e9 son intention de recruter Boonen (<a href=\"http:\/\/cyclingpro.net\/velopro\/news\/lotto-soudal-lorgne-services-de-tom-boonen\/\">lire ici<\/a>). Il faut dire que le nouveau manager g\u00e9n\u00e9ral de l&rsquo;\u00e9quipe,\u00a0Paul De Geyter a aussi \u00e9t\u00e9 l&rsquo;agent de Tommeke durant de nombreuses ann\u00e9es. Ce recrutement, qui fera grand bruit outre-qui\u00e9vrain, est en tout cas symbole de la volont\u00e9 de retour au premier plan de l&rsquo;\u00e9quipe Lotto &#8211; Soudal. Boonen ne devrait donc pas trop s&rsquo;\u00e9loigner du cyclisme. Il sera aussi consultant aux c\u00f4t\u00e9s de\u00a0Merijn Casteleyn lors de la diffusion de Milan-San Remo (17 mars) sur la VTM (cha\u00eene flamande concurrente de la VRT).<\/p>\n","protected":false},"excerpt":{"rendered":"<p>Si Tom Boonen a effectu\u00e9 toute sa carri\u00e8re chez Quick Step jusqu&rsquo;\u00e0 sa retraite l&rsquo;an pass\u00e9, \u00e0 l&rsquo;exception de sa toute premi\u00e8re ann\u00e9e pro (chez US Postal), il vient de choisir de devenir ambassadeur de Lotto &#8211; Soudal, selon la DH, d\u00e9laissant ainsi l&rsquo;\u00e9quipe de Patrick Lefevere. Lotto &#8211; Soudal avait d\u00e9j\u00e0 annonc\u00e9 son intention &hellip;<\/p>\n","protected":false},"author":4,"featured_media":13096,"comment_status":"open","ping_status":"open","sticky":false,"template":"","format":"standard","meta":{"footnotes":""},"categories":[11,15,221,10],"tags":[],"class_list":["post-56306","post","type-post","status-publish","format-standard","has-post-thumbnail","hentry","category-news-niveau-2","category-route","category-sponsors","category-mercato"],"_links":{"self":[{"href":"https:\/\/cyclingpro.net\/velopro\/wp-json\/wp\/v2\/posts\/56306","targetHints":{"allow":["GET"]}}],"collection":[{"href":"https:\/\/cyclingpro.net\/velopro\/wp-json\/wp\/v2\/posts"}],"about":[{"href":"https:\/\/cyclingpro.net\/velopro\/wp-json\/wp\/v2\/types\/post"}],"author":[{"embeddable":true,"href":"https:\/\/cyclingpro.net\/velopro\/wp-json\/wp\/v2\/users\/4"}],"replies":[{"embeddable":true,"href":"https:\/\/cyclingpro.net\/velopro\/wp-json\/wp\/v2\/comments?post=56306"}],"version-history":[{"count":0,"href":"https:\/\/cyclingpro.net\/velopro\/wp-json\/wp\/v2\/posts\/56306\/revisions"}],"wp:featuredmedia":[{"embeddable":true,"href":"https:\/\/cyclingpro.net\/velopro\/wp-json\/wp\/v2\/media\/13096"}],"wp:attachment":[{"href":"https:\/\/cyclingpro.net\/velopro\/wp-json\/wp\/v2\/media?parent=56306"}],"wp:term":[{"taxonomy":"category","embeddable":true,"href":"https:\/\/cyclingpro.net\/velopro\/wp-json\/wp\/v2\/categories?post=56306"},{"taxonomy":"post_tag","embeddable":true,"href":"https:\/\/cyclingpro.net\/velopro\/wp-json\/wp\/v2\/tags?post=56306"}],"curies":[{"name":"wp","href":"https:\/\/api.w.org\/{rel}","templated":true}]}}