{"id":56197,"date":"2018-02-20T18:36:57","date_gmt":"2018-02-20T17:36:57","guid":{"rendered":"http:\/\/cyclingpro.net\/velopro\/?p=56197"},"modified":"2018-02-22T14:33:57","modified_gmt":"2018-02-22T13:33:57","slug":"tour-fjords-raccourcit-2018-profit-hammer-stavanger-organise-velon","status":"publish","type":"post","link":"https:\/\/cyclingpro.net\/velopro\/route\/tour-fjords-raccourcit-2018-profit-hammer-stavanger-organise-velon\/","title":{"rendered":"Le Tour des Fjords raccourcit en 2018 au profit du Hammer Stavanger organis\u00e9 par Velon"},"content":{"rendered":"<p style=\"text-align: justify;\">Le Tour des Fjords 2018 ne comptera \u00e0 son actif plus que trois jours de courses contre cinq lors de l&rsquo;\u00e9dition pr\u00e9c\u00e9dente. L&rsquo;\u00e9preuve par \u00e9tapes norv\u00e9gienne aura lieu du 22 au 24 mai prochain. Le raccourcissement de cette \u00e9preuve class\u00e9e par l&rsquo;UCI 2.1 est due \u00e0 la cr\u00e9ation d&rsquo;un \u00e9v\u00e8nement suppl\u00e9mentaire : le Hammer Stavanger. Cette nouvelle \u00e9preuve qui aura lieu du 25 au 27 mars vient d&rsquo;\u00eatre cr\u00e9\u00e9e par Velon qui a b\u00e9n\u00e9fici\u00e9 du soutien de Roy Hegreberg, le directeur de course du Tour des Fjords.<\/p>\n<p style=\"text-align: justify;\"><strong>\u00c9tapes du Tour des Fjords 2018 :<\/strong><br \/>\nMardi 22 mai &#8211; \u00c9tape 1: Lindesnes&gt; Egersund, 189 km<br \/>\nMercredi 23 mai &#8211; Etape 2: Ris\u00f8r&gt; Kristiansand, 180km<br \/>\nJeudi 24 mai &#8211; \u00c9tape 3: Farsund&gt; Egersund, 178 km<\/p>\n","protected":false},"excerpt":{"rendered":"<p>Le Tour des Fjords 2018 ne comptera \u00e0 son actif plus que trois jours de courses contre cinq lors de l&rsquo;\u00e9dition pr\u00e9c\u00e9dente. L&rsquo;\u00e9preuve par \u00e9tapes norv\u00e9gienne aura lieu du 22 au 24 mai prochain. Le raccourcissement de cette \u00e9preuve class\u00e9e par l&rsquo;UCI 2.1 est due \u00e0 la cr\u00e9ation d&rsquo;un \u00e9v\u00e8nement suppl\u00e9mentaire : le Hammer Stavanger. &hellip;<\/p>\n","protected":false},"author":9,"featured_media":56199,"comment_status":"open","ping_status":"open","sticky":false,"template":"","format":"standard","meta":{"footnotes":""},"categories":[12,24,15],"tags":[],"class_list":["post-56197","post","type-post","status-publish","format-standard","has-post-thumbnail","hentry","category-non-classe","category-presentation-course","category-route"],"_links":{"self":[{"href":"https:\/\/cyclingpro.net\/velopro\/wp-json\/wp\/v2\/posts\/56197","targetHints":{"allow":["GET"]}}],"collection":[{"href":"https:\/\/cyclingpro.net\/velopro\/wp-json\/wp\/v2\/posts"}],"about":[{"href":"https:\/\/cyclingpro.net\/velopro\/wp-json\/wp\/v2\/types\/post"}],"author":[{"embeddable":true,"href":"https:\/\/cyclingpro.net\/velopro\/wp-json\/wp\/v2\/users\/9"}],"replies":[{"embeddable":true,"href":"https:\/\/cyclingpro.net\/velopro\/wp-json\/wp\/v2\/comments?post=56197"}],"version-history":[{"count":0,"href":"https:\/\/cyclingpro.net\/velopro\/wp-json\/wp\/v2\/posts\/56197\/revisions"}],"wp:featuredmedia":[{"embeddable":true,"href":"https:\/\/cyclingpro.net\/velopro\/wp-json\/wp\/v2\/media\/56199"}],"wp:attachment":[{"href":"https:\/\/cyclingpro.net\/velopro\/wp-json\/wp\/v2\/media?parent=56197"}],"wp:term":[{"taxonomy":"category","embeddable":true,"href":"https:\/\/cyclingpro.net\/velopro\/wp-json\/wp\/v2\/categories?post=56197"},{"taxonomy":"post_tag","embeddable":true,"href":"https:\/\/cyclingpro.net\/velopro\/wp-json\/wp\/v2\/tags?post=56197"}],"curies":[{"name":"wp","href":"https:\/\/api.w.org\/{rel}","templated":true}]}}