{"id":56172,"date":"2018-02-20T14:13:09","date_gmt":"2018-02-20T13:13:09","guid":{"rendered":"http:\/\/cyclingpro.net\/velopro\/?p=56172"},"modified":"2018-02-20T14:14:18","modified_gmt":"2018-02-20T13:14:18","slug":"greg-van-avermaet-me-sens-plus-fort","status":"publish","type":"post","link":"https:\/\/cyclingpro.net\/velopro\/route\/greg-van-avermaet-me-sens-plus-fort\/","title":{"rendered":"Greg Van Avermaet : \u00ab Je me sens plus fort \u00bb"},"content":{"rendered":"<p style=\"text-align: justify;\">R\u00e9cent vainqueur d&rsquo;une \u00e9tape sur le Tour d&rsquo;Oman, Greg Van Avermaet est satisfait de son hiver et de son \u00e9tat de forme en vue des prochaines \u00e9ch\u00e9ances. Laur\u00e9at du Omloop Het Nieuwsblad, E3 Harelbeke, Gand &#8211; Wevelgem et du Paris-Roubaix la saison derni\u00e8re, le coureur de la formation BMC se sent encore mieux qu&rsquo;il y a douze mois alors qu&rsquo;il dominait d\u00e9j\u00e0 les comp\u00e9titions.<\/p>\n<p style=\"text-align: justify;\">Si l&rsquo;an dernier, il a termin\u00e9 deuxi\u00e8me derri\u00e8re Philippe Gilbert sur Tour des Flandres et des Strade Bianche, il explique qu&rsquo;il avait v\u00e9cu un hiver un peu compliqu\u00e9 suite \u00e0 un probl\u00e8me \u00e0 la cheville qui avait retard\u00e9 sa pr\u00e9paration : \u00ab\u00a0<em>L&rsquo;hiver dernier, mon hiver \u00e9tait tr\u00e8s court. J&rsquo;ai commenc\u00e9 ma pr\u00e9paration vers les 11 et 12 d\u00e9cembre en raison d&rsquo;une blessure \u00e0 la cheville. \u00c7a s&rsquo;est bien pass\u00e9, la forme est arriv\u00e9e au bon moment, mais je pense que cette ann\u00e9e tout a \u00e9t\u00e9 bien organis\u00e9. J&rsquo;ai \u00e9t\u00e9 capable d&rsquo;\u00e9quilibrer le repos et l&rsquo;entra\u00eenement, ce qui est un aspect tr\u00e8s important\u00a0\u00bb <\/em>confiait-il \u00e0 VeloNews.<\/p>\n<p style=\"text-align: justify;\">Cette ann\u00e9e, tout semble se d\u00e9roulait parfaitement pour le champion olympique : <i>\u00ab\u00a0Je me sens plus fort. Cet hiver tout s&rsquo;est tr\u00e8s bien d\u00e9roul\u00e9. J&rsquo;ai \u00e9t\u00e9 capable d&rsquo;\u00e9quilibrer les p\u00e9riodes de repos et d&rsquo;entra\u00eenements, ce qui est un aspect tr\u00e8s important. J&rsquo;ai de bien meilleures bases que la saison\u00a0derni\u00e8re.\u00a0\u00bb <\/i>De quoi\u00a0nourrir ses ambitions.<\/p>\n<p style=\"text-align: justify;\">Si sur le v\u00e9lo tout se passe comme il l&rsquo;esp\u00e8re, une chose diff\u00e9rera de la saison derni\u00e8re : il ne sera plus accompagn\u00e9 de Daniel Oss, qui a rejoint \u00e0 l&rsquo;intersaison, l&rsquo;\u00e9quipe du champion du monde en titre Peter Sagan.\u00a0<em>\u00ab Je suis triste de le voir partir m\u00eame si c&rsquo;est normal car il connaissait Peter avant moi. En plus l&rsquo;\u00e9quipe pouvait lui proposer uniquement un contrat d&rsquo;un an\u00a0\u00bb.<\/em> Il devra d\u00e9sormais compter sur le soutien de Jurgen Roelandts ou encore Alberto Bettiol.<\/p>\n","protected":false},"excerpt":{"rendered":"<p>R\u00e9cent vainqueur d&rsquo;une \u00e9tape sur le Tour d&rsquo;Oman, Greg Van Avermaet est satisfait de son hiver et de son \u00e9tat de forme en vue des prochaines \u00e9ch\u00e9ances. Laur\u00e9at du Omloop Het Nieuwsblad, E3 Harelbeke, Gand &#8211; Wevelgem et du Paris-Roubaix la saison derni\u00e8re, le coureur de la formation BMC se sent encore mieux qu&rsquo;il y &hellip;<\/p>\n","protected":false},"author":9,"featured_media":54278,"comment_status":"open","ping_status":"open","sticky":false,"template":"","format":"standard","meta":{"footnotes":""},"categories":[12,15],"tags":[],"class_list":["post-56172","post","type-post","status-publish","format-standard","has-post-thumbnail","hentry","category-non-classe","category-route"],"_links":{"self":[{"href":"https:\/\/cyclingpro.net\/velopro\/wp-json\/wp\/v2\/posts\/56172","targetHints":{"allow":["GET"]}}],"collection":[{"href":"https:\/\/cyclingpro.net\/velopro\/wp-json\/wp\/v2\/posts"}],"about":[{"href":"https:\/\/cyclingpro.net\/velopro\/wp-json\/wp\/v2\/types\/post"}],"author":[{"embeddable":true,"href":"https:\/\/cyclingpro.net\/velopro\/wp-json\/wp\/v2\/users\/9"}],"replies":[{"embeddable":true,"href":"https:\/\/cyclingpro.net\/velopro\/wp-json\/wp\/v2\/comments?post=56172"}],"version-history":[{"count":0,"href":"https:\/\/cyclingpro.net\/velopro\/wp-json\/wp\/v2\/posts\/56172\/revisions"}],"wp:featuredmedia":[{"embeddable":true,"href":"https:\/\/cyclingpro.net\/velopro\/wp-json\/wp\/v2\/media\/54278"}],"wp:attachment":[{"href":"https:\/\/cyclingpro.net\/velopro\/wp-json\/wp\/v2\/media?parent=56172"}],"wp:term":[{"taxonomy":"category","embeddable":true,"href":"https:\/\/cyclingpro.net\/velopro\/wp-json\/wp\/v2\/categories?post=56172"},{"taxonomy":"post_tag","embeddable":true,"href":"https:\/\/cyclingpro.net\/velopro\/wp-json\/wp\/v2\/tags?post=56172"}],"curies":[{"name":"wp","href":"https:\/\/api.w.org\/{rel}","templated":true}]}}