{"id":56159,"date":"2018-02-20T13:12:54","date_gmt":"2018-02-20T12:12:54","guid":{"rendered":"http:\/\/cyclingpro.net\/velopro\/?p=56159"},"modified":"2018-02-20T13:34:50","modified_gmt":"2018-02-20T12:34:50","slug":"alexander-edmondson-jai-montre-javais-certain-potentiel","status":"publish","type":"post","link":"https:\/\/cyclingpro.net\/velopro\/route\/alexander-edmondson-jai-montre-javais-certain-potentiel\/","title":{"rendered":"Alexander Edmondson : \u00ab J&rsquo;ai montr\u00e9 que j&rsquo;avais un certain potentiel \u00bb"},"content":{"rendered":"<p style=\"text-align: justify;\">Le champion d&rsquo;Australie en titre, Alexander Edmondson se confie sur son r\u00f4le dans l&rsquo;\u00e9quipe et ses ambitions pour l&rsquo;ann\u00e9e \u00e0 venir. Dans la formation Mitchelton-Scott, Alexander Edmoson retrouve son co\u00e9quipier Caleb Ewan, qu&rsquo;il connait depuis ses plus jeunes ann\u00e9es et avec qui il a l&rsquo;habitude de s&rsquo;entra\u00eener : <em>\u00ab\u00a0C&rsquo;est toujours bien quand on peut travailler avec Caleb, j&rsquo;ai grandi avec lui depuis que j&rsquo;avais 15 ans, on s&rsquo;entend tr\u00e8s bien \u00a0\u00bb <\/em>confiait-il \u00e0 Cyclingnews.<\/p>\n<p style=\"text-align: justify;\">Le jeune coureur de 24 ans, 3\u00e8me de la deuxi\u00e8me \u00e9tape de l&rsquo;Herald Sun Tour, sait qu&rsquo;il lui manque un peu d&rsquo;exp\u00e9rience au niveau World Tour mais peut compter sur son \u00e9quipe pour lui laisser le temps d&rsquo;apprendre : <em>\u00ab\u00a0Pour ma part, je fais de mon mieux, je suis le premier \u00e0 admettre que je manque un peu d&rsquo;exp\u00e9rience. Tout est une question de confiance en soi mais aussi d&rsquo;apprentissage, l&rsquo;\u00e9quipe est tr\u00e8s compr\u00e9hensive, sachant que je n&rsquo;ai pas l&rsquo;exp\u00e9rience et que je suis l\u00e0 pour acqu\u00e9rir de l&rsquo;exp\u00e9rience mais aussi faire le travail.\u00a0\u00bb<\/em><\/p>\n<p style=\"text-align: justify;\">Cette semaine les deux coureurs seront sur deux fronts diff\u00e9rents. Caleb Ewan sera align\u00e9 au d\u00e9part du Tour d&rsquo;Abu Dhabi, tant dis qu&rsquo;Alexander Edmondson se rendra en Belgique pour le week-end d&rsquo;ouverture. Un premier test pour le coureur qui articulera son d\u00e9but de saison autour du Tour des Flandres et de Paris-Roubaix.\u00a0\u00ab\u00a0<em>J&rsquo;ai montr\u00e9 que j&rsquo;avais un certain potentiel pour ces courses, je ne vais pas exclure quoi que ce soit en ce moment\u00a0\u00bb<\/em>, a-t-il d\u00e9clar\u00e9 \u00e0 Cyclingnews. \u00ab\u00a0<em>J&rsquo;ai les meilleurs \u00e9quipiers avec Hayman et Trentin dans l&rsquo;\u00e9quipe. C&rsquo;est vraiment excitant de voir de quoi nous sommes capables cette ann\u00e9e. La meilleure fa\u00e7on d&rsquo;apprendre est d&rsquo;apprendre de ces gars-l\u00e0. \u00ab\u00a0<\/em><\/p>\n<p>Confiant avant le week-end d&rsquo;ouverture, l&rsquo;Australien d\u00e9clarait : <i>\u00ab\u00a0Avec les classiques, on ne sait jamais ce qui va se passer, on peut pr\u00e9voir un million de sc\u00e9narios diff\u00e9rentes, mais quand on fait la course, \u00e7a ne se passe pas\u00a0forc\u00e9ment comme on le pensait \u00ab\u00a0. <\/i>Le rendez-vous\u00a0est pris.<\/p>\n","protected":false},"excerpt":{"rendered":"<p>Le champion d&rsquo;Australie en titre, Alexander Edmondson se confie sur son r\u00f4le dans l&rsquo;\u00e9quipe et ses ambitions pour l&rsquo;ann\u00e9e \u00e0 venir. Dans la formation Mitchelton-Scott, Alexander Edmoson retrouve son co\u00e9quipier Caleb Ewan, qu&rsquo;il connait depuis ses plus jeunes ann\u00e9es et avec qui il a l&rsquo;habitude de s&rsquo;entra\u00eener : \u00ab\u00a0C&rsquo;est toujours bien quand on peut travailler &hellip;<\/p>\n","protected":false},"author":9,"featured_media":50580,"comment_status":"open","ping_status":"open","sticky":false,"template":"","format":"standard","meta":{"footnotes":""},"categories":[12,15],"tags":[],"class_list":["post-56159","post","type-post","status-publish","format-standard","has-post-thumbnail","hentry","category-non-classe","category-route"],"_links":{"self":[{"href":"https:\/\/cyclingpro.net\/velopro\/wp-json\/wp\/v2\/posts\/56159","targetHints":{"allow":["GET"]}}],"collection":[{"href":"https:\/\/cyclingpro.net\/velopro\/wp-json\/wp\/v2\/posts"}],"about":[{"href":"https:\/\/cyclingpro.net\/velopro\/wp-json\/wp\/v2\/types\/post"}],"author":[{"embeddable":true,"href":"https:\/\/cyclingpro.net\/velopro\/wp-json\/wp\/v2\/users\/9"}],"replies":[{"embeddable":true,"href":"https:\/\/cyclingpro.net\/velopro\/wp-json\/wp\/v2\/comments?post=56159"}],"version-history":[{"count":0,"href":"https:\/\/cyclingpro.net\/velopro\/wp-json\/wp\/v2\/posts\/56159\/revisions"}],"wp:featuredmedia":[{"embeddable":true,"href":"https:\/\/cyclingpro.net\/velopro\/wp-json\/wp\/v2\/media\/50580"}],"wp:attachment":[{"href":"https:\/\/cyclingpro.net\/velopro\/wp-json\/wp\/v2\/media?parent=56159"}],"wp:term":[{"taxonomy":"category","embeddable":true,"href":"https:\/\/cyclingpro.net\/velopro\/wp-json\/wp\/v2\/categories?post=56159"},{"taxonomy":"post_tag","embeddable":true,"href":"https:\/\/cyclingpro.net\/velopro\/wp-json\/wp\/v2\/tags?post=56159"}],"curies":[{"name":"wp","href":"https:\/\/api.w.org\/{rel}","templated":true}]}}