{"id":54016,"date":"2018-02-07T10:48:25","date_gmt":"2018-02-07T09:48:25","guid":{"rendered":"http:\/\/cyclingpro.net\/velopro\/?p=54016"},"modified":"2018-02-07T10:51:10","modified_gmt":"2018-02-07T09:51:10","slug":"amstel-gold-race-2-dernieres-wild-cards-vital-concept-nippo-vini-fantini","status":"publish","type":"post","link":"https:\/\/cyclingpro.net\/velopro\/course\/amstel-gold-race\/amstel-gold-race-2-dernieres-wild-cards-vital-concept-nippo-vini-fantini\/","title":{"rendered":"Amstel Gold Race : Les 2 derni\u00e8res wild-cards pour Vital Concept et Nippo-Vini Fantini"},"content":{"rendered":"<p style=\"text-align: justify;\">L&rsquo;organisation de l&rsquo;Amstel Gold Race se r\u00e9servait la possibilit\u00e9 d&rsquo;attribuer deux wild-cards suppl\u00e9mentaires en plus des cinq invitations d\u00e9j\u00e0 octroy\u00e9es la semaine derni\u00e8re. Le directeur de course Leo van Vliet a finalement opt\u00e9 pour un plateau \u00e9largi, avec deux formations suppl\u00e9mentaires. Et ce sont les \u00e9curies Vital Concept et Nippo-Vini Fantini qui ont \u00e9t\u00e9 s\u00e9lectionn\u00e9es par les organisateurs, comme l&rsquo;indique un communiqu\u00e9 transmis ce mercredi.<\/p>\n<p style=\"text-align: justify;\">La pr\u00e9sence de Bryan Coquard d&rsquo;un c\u00f4t\u00e9, et de Damiano Cunego de l&rsquo;autre, a fait pencher la balance en faveur de ces deux \u00e9quipes. <em>\u00ab\u00a0Coquard a d\u00e9clar\u00e9 il y a quelque temps qu&rsquo;il voulait briller sur l&rsquo;Amstel Gold Race et il a cit\u00e9 l&rsquo;Amstel Gold Race parmi les courses dont il r\u00eavait,<\/em> peut-on lire dans un communiqu\u00e9.\u00a0<em>Damiano Cunego sera lui au d\u00e9part de l&rsquo;Amstel Gold Race, course qu&rsquo;il a remport\u00e9e en 2008. Cunego dispute sa derni\u00e8re saison en tant que coureur professionnel et l&rsquo;Amstel Gold Race sera sa derni\u00e8re grande Classique. Il aura notamment le soutien de Marco Canola, qui a remport\u00e9 la Volta Limburg Classic en 2017 sur un parcours similaire.\u00a0\u00bb<\/em><\/p>\n<p>Pour r\u00e9capituler, nous retrouverons donc 25 \u00e9quipes (de sept coureurs) au d\u00e9part de l&rsquo;Amstel Gold Race, le 15 avril prochain. Seront naturellement pr\u00e9sentes les 18 formations WorldTour, ainsi que sept structures continentales professionnelles :\u00a0Roompot-Nederlandse Loterij, Wanty-Groupe Gobert, Sport Vlaanderen-Baloise, Israel Cycling Academy, Aqua Blue Sport, Vital Concept et Nippo-Vini Fantini.<\/p>\n","protected":false},"excerpt":{"rendered":"<p>L&rsquo;organisation de l&rsquo;Amstel Gold Race se r\u00e9servait la possibilit\u00e9 d&rsquo;attribuer deux wild-cards suppl\u00e9mentaires en plus des cinq invitations d\u00e9j\u00e0 octroy\u00e9es la semaine derni\u00e8re. Le directeur de course Leo van Vliet a finalement opt\u00e9 pour un plateau \u00e9largi, avec deux formations suppl\u00e9mentaires. Et ce sont les \u00e9curies Vital Concept et Nippo-Vini Fantini qui ont \u00e9t\u00e9 s\u00e9lectionn\u00e9es &hellip;<\/p>\n","protected":false},"author":5,"featured_media":54018,"comment_status":"open","ping_status":"open","sticky":false,"template":"","format":"standard","meta":{"footnotes":""},"categories":[17,44,25,15],"tags":[],"class_list":["post-54016","post","type-post","status-publish","format-standard","has-post-thumbnail","hentry","category-une","category-amstel-gold-race","category-news","category-route"],"_links":{"self":[{"href":"https:\/\/cyclingpro.net\/velopro\/wp-json\/wp\/v2\/posts\/54016","targetHints":{"allow":["GET"]}}],"collection":[{"href":"https:\/\/cyclingpro.net\/velopro\/wp-json\/wp\/v2\/posts"}],"about":[{"href":"https:\/\/cyclingpro.net\/velopro\/wp-json\/wp\/v2\/types\/post"}],"author":[{"embeddable":true,"href":"https:\/\/cyclingpro.net\/velopro\/wp-json\/wp\/v2\/users\/5"}],"replies":[{"embeddable":true,"href":"https:\/\/cyclingpro.net\/velopro\/wp-json\/wp\/v2\/comments?post=54016"}],"version-history":[{"count":0,"href":"https:\/\/cyclingpro.net\/velopro\/wp-json\/wp\/v2\/posts\/54016\/revisions"}],"wp:featuredmedia":[{"embeddable":true,"href":"https:\/\/cyclingpro.net\/velopro\/wp-json\/wp\/v2\/media\/54018"}],"wp:attachment":[{"href":"https:\/\/cyclingpro.net\/velopro\/wp-json\/wp\/v2\/media?parent=54016"}],"wp:term":[{"taxonomy":"category","embeddable":true,"href":"https:\/\/cyclingpro.net\/velopro\/wp-json\/wp\/v2\/categories?post=54016"},{"taxonomy":"post_tag","embeddable":true,"href":"https:\/\/cyclingpro.net\/velopro\/wp-json\/wp\/v2\/tags?post=54016"}],"curies":[{"name":"wp","href":"https:\/\/api.w.org\/{rel}","templated":true}]}}