{"id":53894,"date":"2018-02-06T10:25:38","date_gmt":"2018-02-06T09:25:38","guid":{"rendered":"http:\/\/cyclingpro.net\/velopro\/?p=53894"},"modified":"2018-02-06T10:40:43","modified_gmt":"2018-02-06T09:40:43","slug":"colombia-oro-y-paz-presentation-de-1ere-edition","status":"publish","type":"post","link":"https:\/\/cyclingpro.net\/velopro\/course\/tour-colombia\/colombia-oro-y-paz-presentation-de-1ere-edition\/","title":{"rendered":"Colombia Oro y Paz : Pr\u00e9sentation de la 1\u00e8re \u00e9dition"},"content":{"rendered":"<h4><strong>1\u00e8re \u00e9dition de la Colombia Oro y Paz (2.1), du 6 au 10 f\u00e9vrier<\/strong><\/h4>\n<p><strong>Parcours<\/strong><\/p>\n<p>Etape 1 : Palmira &#8211; Palmira (99,9 km)<br \/>\nEtape 2 : Palmira &#8211; Palmira (183,4 km)<br \/>\nEtape 3 : Palmira &#8211; Buga (163,2 km)<br \/>\nEtape 4 : Buga &#8211; Alto Boquer\u00f3n &#8211; El Tambo (149,5 km)<br \/>\nEtape 5 : Pereira &#8211; Salento (163,7 km)<br \/>\nEtape 6 : Armenia &#8211; Manizales &#8211; Torre de Chipre (184,3 km)<\/p>\n<h4><strong>Informations\u00a0<\/strong><\/h4>\n<p style=\"text-align: justify;\">C&rsquo;est une toute nouvelle \u00e9preuve qui est sur le point d&rsquo;\u00eatre inaugur\u00e9e. La Colombie, pays de v\u00e9lo s&rsquo;il en est, regorgeant de coureurs accomplis, dispose d\u00e9sormais d&rsquo;une course digne de ce nom. La f\u00e9d\u00e9ration cycliste du pays a en effet mis sur pied un \u00e9v\u00e8nement qui regroupera la plupart des meilleurs \u00ab\u00a0<em>escarabajos\u00a0\u00bb,\u00a0<\/em>pr\u00e9sentant de fait un plateau plus que correct comprenant quatre formations WorldTour. La Colombia Oro y Paz premi\u00e8re du nom s&rsquo;est ainsi vu attribu\u00e9e le statut d&rsquo;\u00e9preuve 2.1 et s&rsquo;allongera sur six jours, permettant \u00e0 diff\u00e9rents types de coureurs de s&rsquo;exprimer.<\/p>\n<p style=\"text-align: justify;\">Pour ravir les supporters qui ne manqueront certainement pas au bord des routes, le parcours comptera trois arriv\u00e9es au sommet\/en c\u00f4te parmi les six \u00e9tapes au programme. Les idoles du public que sont Rigoberto Uran, Nairo Quintana, Sergio Henao ou encore Egan Bernal pourront donc s\u2019en donner \u00e0 coeur joie du c\u00f4t\u00e9 d\u2019El Tambo, avec l\u2019Alto Boqueron, ou bien \u00e0 Manizales, le dernier jour. Par ailleurs, la ville de Palmira sera ville-d\u00e9part \u00e0 trois reprises, et deux fois ville-arriv\u00e9e. Outre les deux finals pour grimpeurs, les puncheurs devraient avoir deux occasions, tout comme les sprinteurs, \u00e0 commencer par la star montante Fernando Gaviria, bien pr\u00e9sent pour son \u00e9preuve nationale apr\u00e8s sa chute sur le Tour de San Juan.<\/p>\n<p style=\"text-align: justify;\">La quasi-totalit\u00e9 des meilleurs cyclistes colombiens ont r\u00e9pondu \u00e0 l&rsquo;appel de l&rsquo;organisateur, et ceux n&rsquo;\u00e9voluant pas pour leur \u00e9quipe courront sous les couleurs nationales, \u00e0 l&rsquo;instar de Jarlinson Pantano et Darwin Atapuma. Il va sans dire que tous ces hommes, y compris ceux officiant pour les formations continentales du pays, auront le couteau entre les dents devant une foule acquise \u00e0 leur cause. L&rsquo;\u00e9preuve pourrait donc bien \u00eatre domin\u00e9e de bout en bout par les locaux. Julian Alaphilippe apparait bien seul pour le faire face&#8230;<\/p>\n<h4><strong>Profils<\/strong><\/h4>\n<div id='gallery-1' class='gallery galleryid-53894 gallery-columns-3 gallery-size-thumbnail'><figure class='gallery-item'>\n\t\t\t<div class='gallery-icon landscape'>\n\t\t\t\t<a href='https:\/\/cyclingpro.net\/velopro\/wp-content\/uploads\/2018\/01\/Oro-y-Paz-tappa-1.jpg'><img loading=\"lazy\" decoding=\"async\" width=\"150\" height=\"150\" src=\"https:\/\/cyclingpro.net\/velopro\/wp-content\/uploads\/2018\/01\/Oro-y-Paz-tappa-1-150x150.jpg\" class=\"attachment-thumbnail size-thumbnail\" alt=\"\" \/><\/a>\n\t\t\t<\/div><\/figure><figure class='gallery-item'>\n\t\t\t<div class='gallery-icon landscape'>\n\t\t\t\t<a href='https:\/\/cyclingpro.net\/velopro\/wp-content\/uploads\/2018\/01\/Oro-y-Paz-tappa-2.jpg'><img loading=\"lazy\" decoding=\"async\" width=\"150\" height=\"150\" src=\"https:\/\/cyclingpro.net\/velopro\/wp-content\/uploads\/2018\/01\/Oro-y-Paz-tappa-2-150x150.jpg\" class=\"attachment-thumbnail size-thumbnail\" alt=\"\" \/><\/a>\n\t\t\t<\/div><\/figure><figure class='gallery-item'>\n\t\t\t<div class='gallery-icon landscape'>\n\t\t\t\t<a href='https:\/\/cyclingpro.net\/velopro\/wp-content\/uploads\/2018\/01\/Oro-y-Paz-tappa-3-.jpg'><img loading=\"lazy\" decoding=\"async\" width=\"150\" height=\"150\" src=\"https:\/\/cyclingpro.net\/velopro\/wp-content\/uploads\/2018\/01\/Oro-y-Paz-tappa-3--150x150.jpg\" class=\"attachment-thumbnail size-thumbnail\" alt=\"\" \/><\/a>\n\t\t\t<\/div><\/figure><figure class='gallery-item'>\n\t\t\t<div class='gallery-icon landscape'>\n\t\t\t\t<a href='https:\/\/cyclingpro.net\/velopro\/wp-content\/uploads\/2018\/01\/Oro-y-Paz-tappa-4.jpg'><img loading=\"lazy\" decoding=\"async\" width=\"150\" height=\"150\" src=\"https:\/\/cyclingpro.net\/velopro\/wp-content\/uploads\/2018\/01\/Oro-y-Paz-tappa-4-150x150.jpg\" class=\"attachment-thumbnail size-thumbnail\" alt=\"\" \/><\/a>\n\t\t\t<\/div><\/figure><figure class='gallery-item'>\n\t\t\t<div class='gallery-icon landscape'>\n\t\t\t\t<a href='https:\/\/cyclingpro.net\/velopro\/wp-content\/uploads\/2018\/01\/Oro-y-Paz-tappa-5.jpg'><img loading=\"lazy\" decoding=\"async\" width=\"150\" height=\"150\" src=\"https:\/\/cyclingpro.net\/velopro\/wp-content\/uploads\/2018\/01\/Oro-y-Paz-tappa-5-150x150.jpg\" class=\"attachment-thumbnail size-thumbnail\" alt=\"\" \/><\/a>\n\t\t\t<\/div><\/figure><figure class='gallery-item'>\n\t\t\t<div class='gallery-icon landscape'>\n\t\t\t\t<a href='https:\/\/cyclingpro.net\/velopro\/wp-content\/uploads\/2018\/01\/Oro-y-Paz-tappa-6.jpg'><img loading=\"lazy\" decoding=\"async\" width=\"150\" height=\"150\" src=\"https:\/\/cyclingpro.net\/velopro\/wp-content\/uploads\/2018\/01\/Oro-y-Paz-tappa-6-150x150.jpg\" class=\"attachment-thumbnail size-thumbnail\" alt=\"\" \/><\/a>\n\t\t\t<\/div><\/figure>\n\t\t<\/div>\n\n<h4><strong>Favoris<\/strong><\/h4>\n<p class=\"p1\">**** Nairo Quintana, Rigoberto Uran<\/p>\n<p class=\"p1\">*** Sergio Henao, Egan Bernal, Julian Alaphilippe<\/p>\n<p class=\"p1\">** Oscar Sevilla, Darwin Atapuma, Hugh Carthy, Gavin Mannion<\/p>\n<p class=\"p1\">* Serghei Tvetcov, Daniel Felipe Martinez, Jarlinson Pantano, Ivan Sosa<\/p>\n<h4><strong>Liste des partants<\/strong><\/h4>\n<p><strong>Quick-Step Floors<\/strong><br \/>\n1 ALAPHILIPPE Julian<br \/>\n2 GAVIRIA Fernando<br \/>\n3 HODEG \u00c1lvaro Jos\u00e9<br \/>\n4 KEISSE Iljo<br \/>\n5 NARVAEZ Jhonatan<br \/>\n6 RICHEZE Ariel Maximiliano<\/p>\n<p><strong>Team Sky<\/strong><br \/>\n11 BERNAL Egan Arley<br \/>\n12 CASTROVIEJO Jonathan<br \/>\n13 GEOGHEGAN HART Tao<br \/>\n14 HENAO Sebasti\u00e1n<br \/>\n15 HENAO Sergio Luis<br \/>\n16 LOPEZ David<\/p>\n<p>Team EF Education First-Drapac p\/b Cannondale<br \/>\n21 BROWN Nathan<br \/>\n22 CARDONA Juli\u00e1n<br \/>\n23 CARTHY Hugh<br \/>\n24 HOWES Alex<br \/>\n25 MARTINEZ Daniel Felipe<br \/>\n26 URAN Rigoberto<\/p>\n<p>Movistar Team<br \/>\n31 ANACONA Winner<br \/>\n32 PEDRERO Antonio<br \/>\n33 CARAPAZ Richard<br \/>\n34 DE LA PARTE V\u00edctor<br \/>\n35 QUINTANA Dayer<br \/>\n36 QUINTANA Nairo<\/p>\n<p>UnitedHealthcare Pro Cycling Team<br \/>\n41 HAEDO Lucas Sebastian<br \/>\n42 ACEVEDO Janier Alexis<br \/>\n43 JARAMILLO Daniel Alexander<br \/>\n44 TVETCOV Serghei<br \/>\n45 MANNION Gavin<br \/>\n46 CLARKE Jonathan<\/p>\n<p>Androni &#8211; Sidermec &#8211; Bottecchia<br \/>\n51 BISOLTI Alessandro<br \/>\n52 BONUSI Raffaello<br \/>\n53 FRAPPORTI Mattia<br \/>\n54 MALUCELLI Matteo<br \/>\n55 SOSA Ivan Ramiro<br \/>\n56 SPREAFICO Matteo<\/p>\n<p>CCC Sprandi Polkowice<br \/>\n61 BERNAS Pawel<br \/>\n62 FRANCZAK Pawe\u0142<br \/>\n63 KUREK Adrian<br \/>\n64 PALUTA Michal<br \/>\n65 PLUCINSKI Leszek<br \/>\n66 TACIAK Mateusz<\/p>\n<p>Holowesko -Citadel p\/b Arapahoe Resources<br \/>\n71 COMPANIONI Ruben<br \/>\n72 EISENHART Taylor<br \/>\n73 GOMEZ Bryan<br \/>\n74 MURPHY John<br \/>\n75 SANCHEZ Brayan<br \/>\n76 BRYON Miguel<\/p>\n<p>Manzana Postobon<br \/>\n81 PARRA Jordan Arley<br \/>\n82 MOLANO Juan Sebastian<br \/>\n83 OSORIO Juan Felipe<br \/>\n84 BOL Jetse<br \/>\n85 DUARTE Fabio<br \/>\n86 REYES Aldemar<\/p>\n<p>Euskadi &#8211; Murias<br \/>\n91 ARISTI Mikel<br \/>\n92 BARRENETXEA Ander<br \/>\n93 GONZALEZ Aitor<br \/>\n94 RODR\u00cdGUEZ Sergio<br \/>\n95 TXOPERENA Be\u00f1at<br \/>\n96 UDONDO Gotzon<\/p>\n<p>Bardiani &#8211; CSF<br \/>\n101 CARBONI Giovanni<br \/>\n102 CICCONE Giulio<br \/>\n103 GUARDINI Andrea<br \/>\n104 MAESTRI Mirco<br \/>\n105 SIMION Paolo<br \/>\n106 TONELLI Alessandro<\/p>\n<p>Israel Cycling Academy<br \/>\n111 AVILA Edwin<br \/>\n112 BOIVIN Guillaume<br \/>\n113 LEMUS Luis<br \/>\n114 PERRY Ben<br \/>\n115 RAIM Mihkel<br \/>\n116 YECHEZKEL Aviv<\/p>\n<p>Burgos-BH<br \/>\n121 SESSLER Nicolas<br \/>\n122 GONZ\u00c1LEZ Adri\u00e1n<br \/>\n123 L\u00d3PEZ Daniel<br \/>\n124 LANGELLOTTI Victor<br \/>\n125 MERINO Igor<br \/>\n126 ROBREDO \u00c1lvaro<\/p>\n<p>Colombie<br \/>\n131 PANTANO Jarlinson<br \/>\n132 ATAPUMA John Darwin<br \/>\n133 RODRIGUEZ John Anderson<br \/>\n134 FLOREZ Miguel Eduardo<br \/>\n135 ARANGO Juan Esteban<br \/>\n136 RAMIREZ Brayan Steven<\/p>\n<p>Itale<br \/>\n141 SCARTEZZINI Michele<br \/>\n142 LAMON Francesco<br \/>\n143 VIGANO Davide<br \/>\n144 PLEBANI Davide<br \/>\n145 GIORDANI Carloalberto<br \/>\n146 COVI Alessandro<\/p>\n<p>Russie<br \/>\n151 KURBATOV Alexey<br \/>\n152 KULIKOV Vladislav<br \/>\n153 KOVALEV Evgeny<br \/>\n154 SAZANOV Andrey<br \/>\n155 BOCHKOV Kirill<br \/>\n156 VOROBYEV Anton<\/p>\n<p>Trevigiani Phonix &#8211; Hemus 1896<br \/>\n181 FEDELI Alessandro<br \/>\n182 ARNOULT Floryan<br \/>\n183 JURADO Cristofer Robin<br \/>\n184 MONTOYA Javier<br \/>\n185 PENALVER Manuel<br \/>\n186 TIVANI German Nicolas<\/p>\n<p>Medellin &#8211; Inder<br \/>\n191 SEVILLA Oscar<br \/>\n192 PAREDES C\u00e9sar Nicolas<br \/>\n193 MENDOZA Omar<br \/>\n194 MONTOYA Cristian<br \/>\n195 CHALAPUD Robinson<br \/>\n196 CAICEDO Jonathan Klever<\/p>\n<p>Bicicletas Strongman Colombia Coldeportes<br \/>\n201 CALA Aristobulo<br \/>\n202 QUIROZ Oscar Adalberto<br \/>\n203 CANO Diego Fernando<br \/>\n204 MU\u00d1OZ William David<br \/>\n205 ESTRADA Eduardo<br \/>\n206 CA\u00d1AVERAL Johnatan<\/p>\n<p>EPM<br \/>\n211 SUAREZ Juan Pablo<br \/>\n212 MONTA\u00d1A Freddy<br \/>\n213 GIL Angel Alexander<br \/>\n214 CONTRERAS Rodrigo<br \/>\n215 OCHOA Diego<br \/>\n216 CANO Jairo Alonso<\/p>\n<p>Coldeportes &#8211; Claro<br \/>\n221 CANO Alex<br \/>\n222 LAVERDE Luis Felipe<br \/>\n223 RUBIANO Miguel Angel<br \/>\n224 CAMACHO Julio Alexis<br \/>\n225 OSPINA Dalivier<br \/>\n226 MESA Juan Martin<\/p>\n<p>GW &#8211; Shimano<br \/>\n231 SERPA Jose Rodolfo<br \/>\n232 PEDRAZA MORALES Walter Fernando<br \/>\n233 PARRA Heiner Rodrigo<br \/>\n234 REND\u00d3N Juan Pablo<br \/>\n235 TAMAYO Christian Leandro<br \/>\n236 TALERO Cristian<\/p>\n<p>Agrupacion Virgen De Fatima<br \/>\n241 NARANJO Nicol\u00e1s<br \/>\n242 ESCUELA Ricardo<br \/>\n243 VELARDEZ Leandro<br \/>\n244 RICHEZE Mauro Abel<br \/>\n245 RICHEZE Adri\u00e1n<br \/>\n246 GAMERO ZUNIGA Alonso Miguel<\/p>\n<p>Team Illuminate<br \/>\n251 PELLAUD Simon<br \/>\n252 PIPER Cameron<br \/>\n253 LAAS Martin<br \/>\n254 CASTIBLANCO Jorge Camilo<br \/>\n255 BROWN Connor<br \/>\n256 BARON Felix Alejandro<\/p>\n<p>Orgullo Paisa<br \/>\n261 OSORIO Danny<br \/>\n262 HERNANDEZ Jose Tito<br \/>\n263 QUINTERO Carlos<br \/>\n264 MUNOZ Edison<br \/>\n265 SERNA Alejandro<br \/>\n266 MONTIEL Rafael<\/p>\n","protected":false},"excerpt":{"rendered":"<p>1\u00e8re \u00e9dition de la Colombia Oro y Paz (2.1), du 6 au 10 f\u00e9vrier Parcours Etape 1 : Palmira &#8211; Palmira (99,9 km) Etape 2 : Palmira &#8211; Palmira (183,4 km) Etape 3 : Palmira &#8211; Buga (163,2 km) Etape 4 : Buga &#8211; Alto Boquer\u00f3n &#8211; El Tambo (149,5 km) Etape 5 : Pereira &hellip;<\/p>\n","protected":false},"author":5,"featured_media":53896,"comment_status":"open","ping_status":"open","sticky":false,"template":"","format":"standard","meta":{"footnotes":""},"categories":[17,24,15,16,215],"tags":[],"class_list":["post-53894","post","type-post","status-publish","format-standard","has-post-thumbnail","hentry","category-une","category-presentation-course","category-route","category-startlist","category-tour-colombia"],"_links":{"self":[{"href":"https:\/\/cyclingpro.net\/velopro\/wp-json\/wp\/v2\/posts\/53894","targetHints":{"allow":["GET"]}}],"collection":[{"href":"https:\/\/cyclingpro.net\/velopro\/wp-json\/wp\/v2\/posts"}],"about":[{"href":"https:\/\/cyclingpro.net\/velopro\/wp-json\/wp\/v2\/types\/post"}],"author":[{"embeddable":true,"href":"https:\/\/cyclingpro.net\/velopro\/wp-json\/wp\/v2\/users\/5"}],"replies":[{"embeddable":true,"href":"https:\/\/cyclingpro.net\/velopro\/wp-json\/wp\/v2\/comments?post=53894"}],"version-history":[{"count":0,"href":"https:\/\/cyclingpro.net\/velopro\/wp-json\/wp\/v2\/posts\/53894\/revisions"}],"wp:featuredmedia":[{"embeddable":true,"href":"https:\/\/cyclingpro.net\/velopro\/wp-json\/wp\/v2\/media\/53896"}],"wp:attachment":[{"href":"https:\/\/cyclingpro.net\/velopro\/wp-json\/wp\/v2\/media?parent=53894"}],"wp:term":[{"taxonomy":"category","embeddable":true,"href":"https:\/\/cyclingpro.net\/velopro\/wp-json\/wp\/v2\/categories?post=53894"},{"taxonomy":"post_tag","embeddable":true,"href":"https:\/\/cyclingpro.net\/velopro\/wp-json\/wp\/v2\/tags?post=53894"}],"curies":[{"name":"wp","href":"https:\/\/api.w.org\/{rel}","templated":true}]}}